{"id":222553,"date":"2025-07-03T07:02:09","date_gmt":"2025-07-03T07:02:09","guid":{"rendered":"https:\/\/www.europesays.com\/fr\/222553\/"},"modified":"2025-07-03T07:02:09","modified_gmt":"2025-07-03T07:02:09","slug":"lincendie-dans-le-sud-est-de-lallemagne-prend-de-lampleur-et-se-propage","status":"publish","type":"post","link":"https:\/\/www.europesays.com\/fr\/222553\/","title":{"rendered":"L\u2019incendie dans le sud-est de l\u2019Allemagne prend de l\u2019ampleur et se propage"},"content":{"rendered":"<p>Plus de 200 pompiers luttent contre les flammes qui ont maintenant atteint le Land voisin de Brandebourg, lequel entoure la capitale Berlin.<\/p>\n<p>\u00ab\u00a0En collaboration avec la police du Land de Saxe, l\u2019utilisation d\u2019h\u00e9licopt\u00e8res de lutte contre les incendies est actuellement \u00e0 l\u2019\u00e9tude, compte tenu de la pr\u00e9sence de munitions non explos\u00e9es dans la zone de l\u2019incendie\u00a0\u00bb, a d\u00e9clar\u00e9 le bureau du district mercredi en fin de soir\u00e9e.<\/p>\n<p>Mercredi a marqu\u00e9 le troisi\u00e8me jour cons\u00e9cutif d\u2019op\u00e9rations de lutte contre les incendies en Saxe, qui ont forc\u00e9 des dizaines d\u2019habitants \u00e0 quitter leur maison.<\/p>\n<p>Le feu s\u2019est multipli\u00e9 par dix depuis la mi-journ\u00e9e, a d\u00e9clar\u00e9 M. Riedel, chef adjoint des pompiers de la municipalit\u00e9 de Zeithain.<\/p>\n<p>Au moins 600 hectares sont d\u00e9sormais touch\u00e9s par les flammes. \u00ab\u00a0Le feu se d\u00e9place vers le nord, en direction du Brandebourg\u00a0\u00bb, a d\u00e9clar\u00e9 M. Riedel dans la soir\u00e9e.<\/p>\n<p>La v\u00e9g\u00e9tation s\u00e8che facilite la propagation rapide, ainsi que les vents l\u00e9gers. Les autorit\u00e9s surveillent une usine de biogaz situ\u00e9e dans la r\u00e9gion, qui doit \u00eatre prot\u00e9g\u00e9e des flammes.<\/p>\n","protected":false},"excerpt":{"rendered":"Plus de 200 pompiers luttent contre les flammes qui ont maintenant atteint le Land voisin de Brandebourg, lequel&hellip;\n","protected":false},"author":2,"featured_media":222554,"comment_status":"","ping_status":"","sticky":false,"template":"","format":"standard","meta":{"footnotes":""},"categories":[1587],"tags":[11,672,1804,1805,1803,1777,674,1801,12,1802],"class_list":{"0":"post-222553","1":"post","2":"type-post","3":"status-publish","4":"format-standard","5":"has-post-thumbnail","7":"category-allemagne","8":"tag-actualites","9":"tag-allemagne","10":"tag-bundesrepublik-deutschland","11":"tag-de","12":"tag-deutschland","13":"tag-eu","14":"tag-europe","15":"tag-germany","16":"tag-news","17":"tag-republique-federale-dallemagne"},"share_on_mastodon":{"url":"https:\/\/pubeurope.com\/@fr\/114788023862705144","error":""},"_links":{"self":[{"href":"https:\/\/www.europesays.com\/fr\/wp-json\/wp\/v2\/posts\/222553","targetHints":{"allow":["GET"]}}],"collection":[{"href":"https:\/\/www.europesays.com\/fr\/wp-json\/wp\/v2\/posts"}],"about":[{"href":"https:\/\/www.europesays.com\/fr\/wp-json\/wp\/v2\/types\/post"}],"author":[{"embeddable":true,"href":"https:\/\/www.europesays.com\/fr\/wp-json\/wp\/v2\/users\/2"}],"replies":[{"embeddable":true,"href":"https:\/\/www.europesays.com\/fr\/wp-json\/wp\/v2\/comments?post=222553"}],"version-history":[{"count":0,"href":"https:\/\/www.europesays.com\/fr\/wp-json\/wp\/v2\/posts\/222553\/revisions"}],"wp:featuredmedia":[{"embeddable":true,"href":"https:\/\/www.europesays.com\/fr\/wp-json\/wp\/v2\/media\/222554"}],"wp:attachment":[{"href":"https:\/\/www.europesays.com\/fr\/wp-json\/wp\/v2\/media?parent=222553"}],"wp:term":[{"taxonomy":"category","embeddable":true,"href":"https:\/\/www.europesays.com\/fr\/wp-json\/wp\/v2\/categories?post=222553"},{"taxonomy":"post_tag","embeddable":true,"href":"https:\/\/www.europesays.com\/fr\/wp-json\/wp\/v2\/tags?post=222553"}],"curies":[{"name":"wp","href":"https:\/\/api.w.org\/{rel}","templated":true}]}}