{"id":222557,"date":"2025-07-03T07:04:10","date_gmt":"2025-07-03T07:04:10","guid":{"rendered":"https:\/\/www.europesays.com\/fr\/222557\/"},"modified":"2025-07-03T07:04:10","modified_gmt":"2025-07-03T07:04:10","slug":"lunion-europeenne-lance-sa-revolution-quantique-nous-voulons-devenir-leader-mondial-dici-2030","status":"publish","type":"post","link":"https:\/\/www.europesays.com\/fr\/222557\/","title":{"rendered":"L&rsquo;Union europ\u00e9enne lance sa r\u00e9volution quantique\u00a0: \u00ab\u00a0Nous voulons devenir leader mondial d&rsquo;ici 2030\u00a0\u00bb"},"content":{"rendered":"<p><a href=\"https:\/\/www.lalibre.be\/economie\/conjoncture\/2025\/01\/28\/face-a-la-concurrence-chinoise-et-americaine-voici-les-grands-axes-de-la-contre-offensive-europeenne-P7XNXH7QD5GBXDH5R7UXGBIMI4\/\" target=\"_blank\" rel=\"noopener noreferrer\" class=\"ap-StoryInterstitialLink ap-StoryElement ap-StoryElement--mb js-paywall-target\">Face \u00e0 la concurrence \u00e9conomique chinoise et am\u00e9ricaine, la boussole pour la comp\u00e9titivit\u00e9 trace la voie de la contre-offensive europ\u00e9enne<\/a><\/p>\n<p class=\"ap-StoryElement ap-StoryElement--mb ap-StoryText\">Les technologies quantiques sont appel\u00e9es, dans les ann\u00e9es \u00e0 venir, \u00e0 transformer en profondeur l&rsquo;industrie informatique et des semi-conducteurs (avec la cr\u00e9ation de puces quantiques). Dans le domaine de la sant\u00e9, la technologie quantique devrait permettre un diagnostic plus pr\u00e9coce gr\u00e2ce \u00e0 des capteurs d&rsquo;imagerie et acc\u00e9l\u00e9rer le d\u00e9veloppement de m\u00e9dicaments. Elle devrait aussi faire progresser la cryptographie pour la s\u00e9curit\u00e9 des donn\u00e9es et les communications ultra-s\u00e9curis\u00e9es. Et ce ne sont l\u00e0 que quelques exemples.<\/p>\n<p>De nombreux atouts et des fragilit\u00e9s<\/p>\n<p class=\"ap-StoryElement ap-StoryElement--mb ap-StoryText\">C&rsquo;est pour jouer un r\u00f4le de premier plan dans cette r\u00e9volution quantique que la Commission europ\u00e9enne a adopt\u00e9, mercredi, la strat\u00e9gie \u00ab\u00a0Quantum Europe\u00a0\u00bb. Son ambition ? Positionner l&rsquo;Europe en tant que chef de file mondial dans le domaine du quantique d&rsquo;ici \u00e0 2030.<\/p>\n<p class=\"ap-StoryElement ap-StoryElement--mb ap-StoryText\">L&rsquo;Europe poss\u00e8de d\u00e9j\u00e0 de tr\u00e8s nombreux atouts. Elle se classe, par exemple, au premier rang mondial pour le nombre de publications scientifiques dans le domaine des technologies quantiques. Elle abrite \u00e9galement un tiers des start-up quantiques mondiales.<\/p>\n<p class=\"ap-StoryElement ap-StoryElement--mb ap-StoryText\">\u00ab\u00a0Pourtant, notre \u00e9cosyst\u00e8me industriel reste fragile en raison du soutien fragment\u00e9 entre les \u00c9tats membres et d&rsquo;un acc\u00e8s plus limit\u00e9 aux financements priv\u00e9s compar\u00e9 aux \u00c9tats-Unis et \u00e0 la Chine\u00a0\u00bb, a expliqu\u00e9 Henna Virkkunen, vice-pr\u00e9sidente de la Commission europ\u00e9enne charg\u00e9e de la souverainet\u00e9 technologique. Actuellement, les entreprises europ\u00e9ennes ne captent que 5 % des investissements priv\u00e9s mondiaux (contre 50 % pour les \u00c9tats-Unis). \u00ab\u00a0Cela rend difficile le passage de la recherche \u00e0 l&rsquo;industrie, et augmente le risque de voir les start-up europ\u00e9ennes dispara\u00eetre, \u00eatre rachet\u00e9es par des entreprises \u00e9trang\u00e8res ou s&rsquo;installer dans des r\u00e9gions o\u00f9 les financements sont meilleurs\u00a0\u00bb.<\/p>\n<p>Un \u00e9norme potentiel<\/p>\n<p class=\"ap-StoryElement ap-StoryElement--mb ap-StoryText\">La strat\u00e9gie \u00ab\u00a0Quantum Europe\u00a0\u00bb adopt\u00e9e mercredi vise donc \u00e0 renforcer la coordination entre les \u00c9tats membres, \u00e0 favoriser la cr\u00e9ation d&rsquo;un \u00e9cosyst\u00e8me quantique europ\u00e9en \u00ab\u00a0r\u00e9silient et souverain\u00a0\u00bb, \u00e0 stimuler les investissements priv\u00e9s et la croissance des start-up.<\/p>\n<blockquote class=\"ap-StoryQuote ap-StoryQuote--blockquote\">\n<p class=\"ap-StoryQuote-text\">\u00ab\u00a0D&rsquo;ici \u00e0 2040, le secteur des technologies quantiques devrait cr\u00e9er des milliers d&#8217;emplois hautement qualifi\u00e9s dans toute l&rsquo;UE et d\u00e9passer une valeur mondiale de 155 milliards d&rsquo;euros.\u00a0\u00bb<\/p>\n<\/blockquote>\n<p class=\"ap-StoryElement ap-StoryElement--mb ap-StoryText\">Plus de 11 milliards d&rsquo;euros de financements publics (europ\u00e9ens et nationaux) ont d\u00e9j\u00e0 \u00e9t\u00e9 engag\u00e9s au cours des cinq derni\u00e8res ann\u00e9es dans les technologies quantiques, a soulign\u00e9 Henna Virkkunen, ajoutant que, d&rsquo;ici \u00e0 2040, le secteur des technologies quantiques devrait cr\u00e9er des milliers d&#8217;emplois hautement qualifi\u00e9s dans toute l&rsquo;UE et d\u00e9passer une valeur mondiale de 155 milliards d&rsquo;euros.<\/p>\n<p><a href=\"https:\/\/www.lalibre.be\/economie\/conjoncture\/2024\/12\/05\/gilles-brassard-alerte-sur-les-dangers-de-linformatique-quantique-mais-incite-a-y-investir-cest-un-peu-comme-pour-la-bombe-nucleaire-DKKH3SJHFFALVGP6CHGMOCGB2M\/\" target=\"_blank\" rel=\"noopener noreferrer\" class=\"ap-StoryInterstitialLink ap-StoryElement ap-StoryElement--mb\">Gilles Brassard: \u00ab\u00a0Le jour o\u00f9 l&rsquo;informatique quantique sera disponible, toutes les communications crypt\u00e9es du pass\u00e9 pourront \u00eatre d\u00e9chiffr\u00e9es\u00a0\u00bb<\/a><\/p>\n<p class=\"ap-StoryElement ap-StoryElement--mb ap-StoryText\">La strat\u00e9gie \u00ab\u00a0Quantum Europe\u00a0\u00bb cible cinq domaines : la recherche et l&rsquo;innovation, les infrastructures quantiques, le renforcement de l&rsquo;\u00e9cosyst\u00e8me, les technologies spatiales et \u00e0 double usage, et les comp\u00e9tences quantiques.<\/p>\n<p class=\"ap-StoryElement ap-StoryElement--mb ap-StoryText\">Parmi les premi\u00e8res mesures annonc\u00e9es, on peut \u00e9pingler une initiative conjointe pour soutenir la recherche et le d\u00e9veloppement dans des secteurs cl\u00e9s, ainsi que la cr\u00e9ation d&rsquo;une infrastructure de conception et de lignes pilotes pour les puces quantiques \u00ab\u00a0afin de transformer des prototypes scientifiques en produits commercialisables\u00a0\u00bb.<\/p>\n<p class=\"ap-StoryElement ap-StoryElement--mb ap-StoryText\">Une nouvelle l\u00e9gislation sur les technologies quantiques (Quantum Act) sera propos\u00e9e en 2026 pour encadrer et appuyer la strat\u00e9gie de la Commission.<\/p>\n","protected":false},"excerpt":{"rendered":"Face \u00e0 la concurrence \u00e9conomique chinoise et am\u00e9ricaine, la boussole pour la comp\u00e9titivit\u00e9 trace la voie de la&hellip;\n","protected":false},"author":2,"featured_media":222558,"comment_status":"","ping_status":"","sticky":false,"template":"","format":"standard","meta":{"footnotes":""},"categories":[1586],"tags":[11,36176,1777,674,1779,1011,27,1227,12,25,1778,364],"class_list":{"0":"post-222557","1":"post","2":"type-post","3":"status-publish","4":"format-standard","5":"has-post-thumbnail","7":"category-europe","8":"tag-actualites","9":"tag-computers","10":"tag-eu","11":"tag-europe","12":"tag-european-union","13":"tag-fr","14":"tag-france","15":"tag-horizontal","16":"tag-news","17":"tag-republique-francaise","18":"tag-ue","19":"tag-union-europeenne"},"share_on_mastodon":{"url":"https:\/\/pubeurope.com\/@fr\/114788031829288354","error":""},"_links":{"self":[{"href":"https:\/\/www.europesays.com\/fr\/wp-json\/wp\/v2\/posts\/222557","targetHints":{"allow":["GET"]}}],"collection":[{"href":"https:\/\/www.europesays.com\/fr\/wp-json\/wp\/v2\/posts"}],"about":[{"href":"https:\/\/www.europesays.com\/fr\/wp-json\/wp\/v2\/types\/post"}],"author":[{"embeddable":true,"href":"https:\/\/www.europesays.com\/fr\/wp-json\/wp\/v2\/users\/2"}],"replies":[{"embeddable":true,"href":"https:\/\/www.europesays.com\/fr\/wp-json\/wp\/v2\/comments?post=222557"}],"version-history":[{"count":0,"href":"https:\/\/www.europesays.com\/fr\/wp-json\/wp\/v2\/posts\/222557\/revisions"}],"wp:featuredmedia":[{"embeddable":true,"href":"https:\/\/www.europesays.com\/fr\/wp-json\/wp\/v2\/media\/222558"}],"wp:attachment":[{"href":"https:\/\/www.europesays.com\/fr\/wp-json\/wp\/v2\/media?parent=222557"}],"wp:term":[{"taxonomy":"category","embeddable":true,"href":"https:\/\/www.europesays.com\/fr\/wp-json\/wp\/v2\/categories?post=222557"},{"taxonomy":"post_tag","embeddable":true,"href":"https:\/\/www.europesays.com\/fr\/wp-json\/wp\/v2\/tags?post=222557"}],"curies":[{"name":"wp","href":"https:\/\/api.w.org\/{rel}","templated":true}]}}