{"id":222559,"date":"2025-07-03T07:05:17","date_gmt":"2025-07-03T07:05:17","guid":{"rendered":"https:\/\/www.europesays.com\/fr\/222559\/"},"modified":"2025-07-03T07:05:17","modified_gmt":"2025-07-03T07:05:17","slug":"les-previsions-de-bison-fute-pour-le-premier-week-end-de-departs-en-vacances","status":"publish","type":"post","link":"https:\/\/www.europesays.com\/fr\/222559\/","title":{"rendered":"Les pr\u00e9visions de Bison fut\u00e9 pour le premier week-end de d\u00e9parts en vacances"},"content":{"rendered":"<p>        <img decoding=\"async\" loading=\"lazy\" src=\"https:\/\/www.europesays.com\/fr\/wp-content\/uploads\/2025\/06\/56f9d02_1715336845606-000-par2107953.jpg\"  width=\"728\" height=\"409\" alt=\"Les vacances scolaires d\u00e9butent samedi 5\u00a0juillet.\"\/>  <\/p>\n<p>PIERRE ANDRIEU \/ AFP<\/p>\n<p>Les vacances scolaires d\u00e9butent samedi 5\u00a0juillet.<\/p>\n<p class=\"asset asset-text\">CIRCULATION &#8211; Le grand d\u00e9part. Alors que<a href=\"https:\/\/www.huffingtonpost.fr\/life\/article\/faire-manquer-l-ecole-a-ses-enfants-pour-partir-plus-tot-en-vacances-n-est-pas-sans-risque-voici-ce-que-dit-la-loi-clx1_251792.html\" target=\"_blank\" rel=\"noopener\" title=\"Nouvelle fen\u00eatre\"> les vacances scolaires <\/a>d\u00e9buteront officiellement ce vendredi 4\u00a0juillet au soir, de nombreux foyers prendront la route ce week-end. De quoi faire craindre <a href=\"https:\/\/www.huffingtonpost.fr\/france\/article\/vigilance-rouge-canicule-des-restrictions-de-circulation-imposees-en-ile-de-france-pour-ce-mardi_252021.html\" target=\"_blank\" rel=\"noopener\" title=\"Nouvelle fen\u00eatre\">d\u2019importantes perturbations<\/a>, principalement \u00ab\u00a0dans le sens des d\u00e9parts, en direction des r\u00e9gions c\u00f4ti\u00e8res\u00a0\u00bb, pr\u00e9cise <a href=\"https:\/\/www.bison-fute.gouv.fr\/du-04-07-au-06-07.html\" target=\"_blank\" rel=\"noopener\" title=\"Nouvelle fen\u00eatre\">Bison Fut\u00e9<\/a>.<\/p>\n<p class=\"asset asset-text\">Les embouteillages d\u00e9buteront d\u00e8s vendredi \u00e0 la mi-journ\u00e9e, selon les pr\u00e9visions du site gouvernemental.\u00a0Cette journ\u00e9e est class\u00e9e orange au niveau national et rouge en \u00cele-de-France. En r\u00e9gion francilienne, \u00ab\u00a0d\u00e8s la fin de la matin\u00e9e, le trafic sera tr\u00e8s dense en direction des barri\u00e8res de p\u00e9age des\u00a0autoroutes A10 et A6, ainsi que sur les autoroutes qui y convergent, notamment l\u2019A86 et l\u2019A6b\u00a0\u00bb, indique Bison Fut\u00e9.<\/p>\n<p class=\"asset asset-text\">Le samedi 5\u00a0juillet, class\u00e9 rouge au niveau national, sera la pire journ\u00e9e du week-end en mati\u00e8re de circulation. \u00ab\u00a0Les encombrements les plus importants pourront \u00eatre observ\u00e9s en direction de la c\u00f4te normande (A13), de la c\u00f4te atlantique (A11, RN165, A10) et de la c\u00f4te M\u00e9diterran\u00e9e (A7, A9)\u00a0\u00bb, pr\u00e9cise Bison Fut\u00e9. \u00ab\u00a0En \u00cele-de-France, d\u00e8s le tout d\u00e9but de la matin\u00e9e, la circulation sera dense en direction des barri\u00e8res de p\u00e9ages des autoroutes A6 et A10\u00a0\u00bb, lit-on \u00e9galement.<\/p>\n<p>    Les d\u00e9parts d\u00e9conseill\u00e9s le samedi    <\/p>\n<p class=\"asset asset-text\">Le site conseille ainsi aux automobilistes de ne pas prendre le d\u00e9part ce jour-l\u00e0. La journ\u00e9e \u00e9chappe toutefois \u00e0 la classification noire, le plus haut niveau de perturbation.<\/p>\n<p>                          <img decoding=\"async\" loading=\"lazy\" src=\"https:\/\/www.europesays.com\/fr\/wp-content\/uploads\/2025\/07\/06116c8_upload-1-azir5nr2qi0v-image-1.png\"  width=\"728\" height=\"409\" alt=\"La journ\u00e9e de samedi 5\u00a0juillet et class\u00e9 rouge au niveau national dans le sens des d\u00e9parts.\"\/>  <\/p>\n<p>Bison Fut\u00e9<\/p>\n<p>La journ\u00e9e de samedi 5\u00a0juillet et class\u00e9 rouge au niveau national dans le sens des d\u00e9parts.<\/p>\n<p class=\"asset asset-text\">L\u2019affluence sera \u00e9galement importante dimanche, mais dans une moindre mesure. La journ\u00e9e est class\u00e9e verte au niveau national et orange en Auvergne-Rh\u00f4ne-Alpes, dans le Grand Ouest et le Nord. Un important passage est attendu \u00ab\u00a0sur les routes du quart Nord-Ouest (A10, A11 et A13), de la vall\u00e9e du Rh\u00f4ne (A7) et pour l\u2019acc\u00e8s au Tunnel du Mont-Blanc\u00a0\u00bb, explique Bison Fut\u00e9. Cela devrait \u00ab\u00a0s\u2019\u00e9tendre de la fin de matin\u00e9e, jusqu\u2019en d\u00e9but de soir\u00e9e\u00a0\u00bb.<\/p>\n<p class=\"asset asset-text\">Attention, le week-end suivant est \u00e9galement tr\u00e8s pris\u00e9 par les vacanciers et pourrait lui aussi accueillir d\u2019importantes perturbations.<\/p>\n","protected":false},"excerpt":{"rendered":"PIERRE ANDRIEU \/ AFP Les vacances scolaires d\u00e9butent samedi 5\u00a0juillet. CIRCULATION &#8211; Le grand d\u00e9part. Alors que les&hellip;\n","protected":false},"author":2,"featured_media":145434,"comment_status":"","ping_status":"","sticky":false,"template":"","format":"standard","meta":{"footnotes":""},"categories":[2],"tags":[11,6427,3542,1011,27,12,25,2803,2528],"class_list":{"0":"post-222559","1":"post","2":"type-post","3":"status-publish","4":"format-standard","5":"has-post-thumbnail","7":"category-actualites","8":"tag-actualites","9":"tag-bison-fute","10":"tag-circulation","11":"tag-fr","12":"tag-france","13":"tag-news","14":"tag-republique-francaise","15":"tag-transport","16":"tag-vacances"},"share_on_mastodon":{"url":"https:\/\/pubeurope.com\/@fr\/114788036058784343","error":""},"_links":{"self":[{"href":"https:\/\/www.europesays.com\/fr\/wp-json\/wp\/v2\/posts\/222559","targetHints":{"allow":["GET"]}}],"collection":[{"href":"https:\/\/www.europesays.com\/fr\/wp-json\/wp\/v2\/posts"}],"about":[{"href":"https:\/\/www.europesays.com\/fr\/wp-json\/wp\/v2\/types\/post"}],"author":[{"embeddable":true,"href":"https:\/\/www.europesays.com\/fr\/wp-json\/wp\/v2\/users\/2"}],"replies":[{"embeddable":true,"href":"https:\/\/www.europesays.com\/fr\/wp-json\/wp\/v2\/comments?post=222559"}],"version-history":[{"count":0,"href":"https:\/\/www.europesays.com\/fr\/wp-json\/wp\/v2\/posts\/222559\/revisions"}],"wp:featuredmedia":[{"embeddable":true,"href":"https:\/\/www.europesays.com\/fr\/wp-json\/wp\/v2\/media\/145434"}],"wp:attachment":[{"href":"https:\/\/www.europesays.com\/fr\/wp-json\/wp\/v2\/media?parent=222559"}],"wp:term":[{"taxonomy":"category","embeddable":true,"href":"https:\/\/www.europesays.com\/fr\/wp-json\/wp\/v2\/categories?post=222559"},{"taxonomy":"post_tag","embeddable":true,"href":"https:\/\/www.europesays.com\/fr\/wp-json\/wp\/v2\/tags?post=222559"}],"curies":[{"name":"wp","href":"https:\/\/api.w.org\/{rel}","templated":true}]}}