{"id":222563,"date":"2025-07-03T07:08:10","date_gmt":"2025-07-03T07:08:10","guid":{"rendered":"https:\/\/www.europesays.com\/fr\/222563\/"},"modified":"2025-07-03T07:08:10","modified_gmt":"2025-07-03T07:08:10","slug":"golf-sasha-et-silvere-platret-brillent-lors-de-la-coupe-mercedes-benz-groupe-chopard-info-chalon-com","status":"publish","type":"post","link":"https:\/\/www.europesays.com\/fr\/222563\/","title":{"rendered":"GOLF\u2028 &#8211; Sasha et Silv\u00e8re Platret brillent lors de la coupe Mercedes-Benz groupe Chopard &#8211; info-chalon.com"},"content":{"rendered":"<p>D\u00e9cid\u00e9ment les samedis se suivaient et se ressemblaient sur le parcours de Saint-Nicolas pour Sasha et Silv\u00e8re Platret en ce chaud mois de juin. D\u00e9j\u00e0 victorieux le 14 lors du Green de l\u2019Espoir, organis\u00e9 par le Kiwanis Chalon C\u00f4te Chalonnaise, ils ont r\u00e9cidiv\u00e9 le 21 \u00e0 l\u2019occasion de la coupe Mercedes-Benz groupe Chopard.\u00a0<br \/>En 2023, le fils et le p\u00e8re s\u2019\u00e9taient oppos\u00e9s au cours d\u2019un final passionnant jusqu\u2019au bout et c\u2019est le plus jeune qui l\u2019avait emport\u00e9 au d\u00e9partage sur les neuf derniers trous. Cette ann\u00e9e, ils jouaient ensemble et ils n\u2019ont pas eu besoin de d\u00e9partage pour signer une belle victoire. Auteurs de sept birdies aux trous n\u00b01, n\u00b07, n\u00b09, n\u00b011, n\u00b014, n\u00b016 et n\u00b018 pour seulement deux bogeys aux trous n\u00b02 et n\u00b015, Sasha et Silv\u00e8re Platret ont rendu une carte de 5 au-dessous du par. Laissant \u00e0 trois coups la paire compos\u00e9e de Corentin Besse et de Joseph Maglione, et \u00e0 cinq coups l\u2019\u00e9quipe form\u00e9e par Philippe Marc et Jean Gerhart, \u00e0 cr\u00e9diter d\u2019un magnifique eagle au trou n\u00b011.<\/p>\n<p><strong>Soixante-six joueurs\u00a0<\/strong><br \/>En raison de la forte chaleur qui r\u00e9gnait sur la r\u00e9gion chalonnaise, la participation a \u00e9t\u00e9 moindre que les saisons pr\u00e9c\u00e9dentes. Soixante-six joueurs ont \u00e9t\u00e9 en lice en 2025, il y en avait eu quatre-vingts l\u2019an pass\u00e9 et soixante douze en 2023. On a not\u00e9 la pr\u00e9sence de plusieurs joueurs d\u2019Avoise, de Beaune, et de La Chassagne, venus se joindre \u00e0 la nombreuse repr\u00e9sentation chalonnaise.\u00a0<br \/>La comp\u00e9tition \u00e9tait qualificative pour la finale nationale du Troph\u00e9e Mercedes-Benz groupe Chopard, qui aura lieu le 28 septembre prochain au Golf de la Bresse. Sasha et Silv\u00e8re Platret en 1re s\u00e9rie, Michel Chouet et R\u00e9gis Routaboule en 2e s\u00e9rie, Rodrigue Baeza et Barbara Palfray en 3e s\u00e9rie ont ainsi gagn\u00e9 leur billet pour ce rendez-vous aindinois, qui rassemblera des repr\u00e9sentants des Golfs proches des diff\u00e9rentes concessions.\u00a0<\/p>\n<p><strong>Les r\u00e9sultats<\/strong><br \/>1re s\u00e9rie : brut : 1. Sasha Platret (Chalon) &#8211; Silv\u00e8re Platret (Chalon) 41 ; net : 1. Corentin Besse (Chalon) &#8211; Joseph Maglione (Chalon) 38 ; 2. Jean Gerhart (Chalon) &#8211; Philippe Marc (Chalon) 38, 3. Jacques Boissard (Chalon) &#8211; Lucie Martino (Chalon) 35.\u00a0<br \/>2e s\u00e9rie : brut : 1. Michel Chouet (Chalon) &#8211; R\u00e9gis Routaboule (Chalon) 35 ; net : 1. Jean-Marc Baratcabal &#8211; Fr\u00e9d\u00e9ric Laugier (Chalon) 37, 2. Jean-Paul Forin (Chalon) &#8211; V\u00e9ronique Forin (Chalon) 36, 3. Franck Cussemane (Chalon) &#8211; Maryse Robert (Chalon) 33.<br \/>3e s\u00e9rie : brut : 1. Rodrigue Baeza (Beaune) &#8211; Barbara Palfray (Chalon) 29.<\/p>\n<p style=\"text-align: right;\"><strong>Gabriel-Henri THEULOT\u00a0<\/strong><\/p>\n","protected":false},"excerpt":{"rendered":"D\u00e9cid\u00e9ment les samedis se suivaient et se ressemblaient sur le parcours de Saint-Nicolas pour Sasha et Silv\u00e8re Platret&hellip;\n","protected":false},"author":2,"featured_media":222564,"comment_status":"","ping_status":"","sticky":false,"template":"","format":"standard","meta":{"footnotes":""},"categories":[1418],"tags":[1011,27,1472,60],"class_list":{"0":"post-222563","1":"post","2":"type-post","3":"status-publish","4":"format-standard","5":"has-post-thumbnail","7":"category-golf","8":"tag-fr","9":"tag-france","10":"tag-golf","11":"tag-sports"},"share_on_mastodon":{"url":"https:\/\/pubeurope.com\/@fr\/114788047493979034","error":""},"_links":{"self":[{"href":"https:\/\/www.europesays.com\/fr\/wp-json\/wp\/v2\/posts\/222563","targetHints":{"allow":["GET"]}}],"collection":[{"href":"https:\/\/www.europesays.com\/fr\/wp-json\/wp\/v2\/posts"}],"about":[{"href":"https:\/\/www.europesays.com\/fr\/wp-json\/wp\/v2\/types\/post"}],"author":[{"embeddable":true,"href":"https:\/\/www.europesays.com\/fr\/wp-json\/wp\/v2\/users\/2"}],"replies":[{"embeddable":true,"href":"https:\/\/www.europesays.com\/fr\/wp-json\/wp\/v2\/comments?post=222563"}],"version-history":[{"count":0,"href":"https:\/\/www.europesays.com\/fr\/wp-json\/wp\/v2\/posts\/222563\/revisions"}],"wp:featuredmedia":[{"embeddable":true,"href":"https:\/\/www.europesays.com\/fr\/wp-json\/wp\/v2\/media\/222564"}],"wp:attachment":[{"href":"https:\/\/www.europesays.com\/fr\/wp-json\/wp\/v2\/media?parent=222563"}],"wp:term":[{"taxonomy":"category","embeddable":true,"href":"https:\/\/www.europesays.com\/fr\/wp-json\/wp\/v2\/categories?post=222563"},{"taxonomy":"post_tag","embeddable":true,"href":"https:\/\/www.europesays.com\/fr\/wp-json\/wp\/v2\/tags?post=222563"}],"curies":[{"name":"wp","href":"https:\/\/api.w.org\/{rel}","templated":true}]}}