{"id":222565,"date":"2025-07-03T07:10:12","date_gmt":"2025-07-03T07:10:12","guid":{"rendered":"https:\/\/www.europesays.com\/fr\/222565\/"},"modified":"2025-07-03T07:10:12","modified_gmt":"2025-07-03T07:10:12","slug":"lucu-voulait-redorer-son-image-apres-les-critiques-lors-du-six-nations-2024","status":"publish","type":"post","link":"https:\/\/www.europesays.com\/fr\/222565\/","title":{"rendered":"Lucu voulait \u00ab redorer son image \u00bb apr\u00e8s les critiques lors du Six Nations 2024"},"content":{"rendered":"<p>Il avait v\u00e9cu une saison 2023-2024 d\u00e9licate. Au sortir de la d\u00e9ception de la Coupe du monde, Maxime Lucu avait \u00e9t\u00e9 propuls\u00e9 sur le devant de la sc\u00e8ne lors du Six Nations. En l\u2019absence d\u2019Antoine Dupont, en pleine pr\u00e9paration des Jeux Olympiques, le demi de m\u00eal\u00e9e avait \u00e9t\u00e9 \u00e0 l\u2019image du XV de France, en difficult\u00e9.<\/p>\n<p>Remplac\u00e9 en cours de comp\u00e9tition par Nolann Le Garrec, il avait bien termin\u00e9 la saison avec l\u2019Union Bordeaux-B\u00e8gles, se qualifiant jusqu\u2019\u00e0 la finale. N\u00e9anmoins, la terrible humiliation re\u00e7ue face au Stade Toulousain ainsi que l\u2019\u00e9limination en quarts de finale de la Champions Cup, avec une p\u00e9nalit\u00e9 de la gagne manqu\u00e9e \u00e0 la sir\u00e8ne, avaient noirci le tableau.<\/p>\n<p>Lucu a pris sa revanche<\/p>\n<p>Cette saison, Maxime Lucu a fait mieux que prendre sa revanche. Stratosph\u00e9rique avec l\u2019Union Bordeaux-B\u00e8gles, il a remport\u00e9 son premier titre en carri\u00e8re en soulevant la Champions Cup. Durant le Six Nations, il avait profit\u00e9 de la blessure d\u2019Antoine Dupont pour r\u00e9aliser une entr\u00e9e d\u00e9cisive face \u00e0 l\u2019Irlande et gagner le Tournoi dans la peau d\u2019un titulaire. Apr\u00e8s la d\u00e9faite en finale du Top 14, lors de laquelle il aura \u00e9t\u00e9 le meilleur bordelais, Maxime Lucu voulait retenir le positif en conf\u00e9rence de presse.<\/p>\n<blockquote>\n<p>\u00ab\u00a0C\u2019est dur. Mais c\u2019est vrai que quand je refais le bilan de la saison et quand je vois d\u2019o\u00f9 je suis revenu il y a un an en arri\u00e8re, c\u2019\u00e9tait tr\u00e8s compliqu\u00e9 mentalement d\u2019avoir \u00e9chou\u00e9 comme \u00e7a. Et, surtout, d\u2019avoir subi beaucoup de messages pas tr\u00e8s sympas. Forc\u00e9ment, \u00e7a touche mes proches, ma famille. C\u2019est plus \u00e7a qui m\u2019a touch\u00e9. Donc revenir un an apr\u00e8s, faire cette fin de Six Nations, gagner la Coupe d\u2019Europe et faire une finale de Championnat, quand je fais le bilan forc\u00e9ment que ma saison est plut\u00f4t positive\u00a0\u00bb<\/p>\n<\/blockquote>\n<p>Maxime Lucu se f\u00e9licite d\u2019avoir su se remobiliser apr\u00e8s une ann\u00e9e \u00e9prouvante pour \u00e9voluer \u00e0 son meilleur niveau. Grand artisan du titre de l\u2019UBB, l\u2019ancien Biarrot semble avoir chang\u00e9 de dimension et ne cesse de progresser d\u2019ann\u00e9e en ann\u00e9e. De quoi lui invoquer un sentiment de revanche.<\/p>\n<blockquote>\n<p>\u00ab\u00a0J\u2019en suis heureux parce que j\u2019ai toujours \u00e9t\u00e9 comme \u00e7a, \u00e9duqu\u00e9 comme \u00e7a. Il n\u2019y a que le terrain qui parle. J\u2019ai essay\u00e9 de me relancer dans cette saison de la meilleure des fa\u00e7ons. Tout n\u2019a pas \u00e9t\u00e9 facile. Mais en tout cas, j\u2019ai essay\u00e9 de me donner \u00e0 fond pour essayer de redorer un petit peu mon image. Quand on se reposera dans une ou deux semaines et qu\u2019on fera le bilan, on se dira forc\u00e9ment que la saison a \u00e9t\u00e9 r\u00e9ussie\u00a0\u00bb<\/p>\n<\/blockquote>\n<p>Partagez cette info avec vos amis et vos proches en cliquant ici<br \/>Pour r\u00e9sumer<\/p>\n<p>Maxime Lucu a dress\u00e9 le bilan de sa saison et de celle de l\u2019Union Bordeaux-B\u00e8gles apr\u00e8s la d\u00e9faite en finale de Top 14 face au Stade Toulousain. Le demi de m\u00eal\u00e9e \u00e9tait revanchard apr\u00e8s une ann\u00e9e 2024 difficile.<\/p>\n<p> <img decoding=\"async\" width=\"76\" height=\"76\" loading=\"lazy\" src=\"https:\/\/www.europesays.com\/fr\/wp-content\/uploads\/2025\/04\/avatar-quinze.png\" alt=\"Arnaud D\u00e9chelotte\"\/><\/p>\n","protected":false},"excerpt":{"rendered":"Il avait v\u00e9cu une saison 2023-2024 d\u00e9licate. Au sortir de la d\u00e9ception de la Coupe du monde, Maxime&hellip;\n","protected":false},"author":2,"featured_media":222566,"comment_status":"","ping_status":"","sticky":false,"template":"","format":"standard","meta":{"footnotes":""},"categories":[1416],"tags":[1011,27,479,1468,60],"class_list":{"0":"post-222565","1":"post","2":"type-post","3":"status-publish","4":"format-standard","5":"has-post-thumbnail","7":"category-rugby","8":"tag-fr","9":"tag-france","10":"tag-rugby","11":"tag-rugby-football","12":"tag-sports"},"share_on_mastodon":{"url":"https:\/\/pubeurope.com\/@fr\/114788055391564017","error":""},"_links":{"self":[{"href":"https:\/\/www.europesays.com\/fr\/wp-json\/wp\/v2\/posts\/222565","targetHints":{"allow":["GET"]}}],"collection":[{"href":"https:\/\/www.europesays.com\/fr\/wp-json\/wp\/v2\/posts"}],"about":[{"href":"https:\/\/www.europesays.com\/fr\/wp-json\/wp\/v2\/types\/post"}],"author":[{"embeddable":true,"href":"https:\/\/www.europesays.com\/fr\/wp-json\/wp\/v2\/users\/2"}],"replies":[{"embeddable":true,"href":"https:\/\/www.europesays.com\/fr\/wp-json\/wp\/v2\/comments?post=222565"}],"version-history":[{"count":0,"href":"https:\/\/www.europesays.com\/fr\/wp-json\/wp\/v2\/posts\/222565\/revisions"}],"wp:featuredmedia":[{"embeddable":true,"href":"https:\/\/www.europesays.com\/fr\/wp-json\/wp\/v2\/media\/222566"}],"wp:attachment":[{"href":"https:\/\/www.europesays.com\/fr\/wp-json\/wp\/v2\/media?parent=222565"}],"wp:term":[{"taxonomy":"category","embeddable":true,"href":"https:\/\/www.europesays.com\/fr\/wp-json\/wp\/v2\/categories?post=222565"},{"taxonomy":"post_tag","embeddable":true,"href":"https:\/\/www.europesays.com\/fr\/wp-json\/wp\/v2\/tags?post=222565"}],"curies":[{"name":"wp","href":"https:\/\/api.w.org\/{rel}","templated":true}]}}