{"id":222567,"date":"2025-07-03T07:11:10","date_gmt":"2025-07-03T07:11:10","guid":{"rendered":"https:\/\/www.europesays.com\/fr\/222567\/"},"modified":"2025-07-03T07:11:10","modified_gmt":"2025-07-03T07:11:10","slug":"wimbledon-la-belle-philosophie-de-gael-monfils-au-sujet-de-la-defaite-je-nai-aucun-probleme-avec-ca-et-une-minute-apres-je-suis-en-train-de-jouer-au-lego-avec-ma-fille","status":"publish","type":"post","link":"https:\/\/www.europesays.com\/fr\/222567\/","title":{"rendered":"Wimbledon > La belle philosophie de Ga\u00ebl Monfils au sujet de la d\u00e9faite : \u00ab\u00a0Je n&rsquo;ai aucun probl\u00e8me avec \u00e7a et une minute apr\u00e8s je suis en train de jouer au Lego avec ma fille !\u00a0\u00bb"},"content":{"rendered":"<p>R\u00e9pondant \u00e0 nos confr\u00e8res de l\u2019Equipe, la \u00ab\u202fMonf\u202f\u00bb a expliqu\u00e9 sa philo\u00adso\u00adphie et notam\u00adment son atti\u00adtude quand la d\u00e9faite vient pointer le bout de son\u00a0nez.<\/p>\n<p>\u00ab\u202f<strong>Une d\u00e9faite n\u2019a jamais pes\u00e9 tr\u00e8s lourd dans ma t\u00eate, mais main\u00adte\u00adnant elle est anec\u00addo\u00adtique. \u00c7a me glisse dessus. Mais il ne faut pas se tromper\u00a0: je suis comp\u00e9\u00adti\u00adteur, je me donne \u00e0 100\u202f%. Mais si je perds, je n\u2019ai pas d\u2019amer\u00adtume. Je n\u2019ai aucun probl\u00e8me et une minute apr\u00e8s je suis en train de jouer au Lego avec ma fille\u202f! Mais je ne la quitte pas non plus pour venir ici faire le branquignol\u202f\u00bb<\/strong><\/p>\n<p class=\"post-published-date\" style=\"color: silver; font-size: 75%; text-align: left;\">Publi\u00e9 le jeudi 3 juillet 2025 \u00e0 08:10<\/p>\n","protected":false},"excerpt":{"rendered":"R\u00e9pondant \u00e0 nos confr\u00e8res de l\u2019Equipe, la \u00ab\u202fMonf\u202f\u00bb a expliqu\u00e9 sa philo\u00adso\u00adphie et notam\u00adment son atti\u00adtude quand la&hellip;\n","protected":false},"author":2,"featured_media":222568,"comment_status":"","ping_status":"","sticky":false,"template":"","format":"standard","meta":{"footnotes":""},"categories":[1415],"tags":[1011,27,3770,60,1467],"class_list":{"0":"post-222567","1":"post","2":"type-post","3":"status-publish","4":"format-standard","5":"has-post-thumbnail","7":"category-tennis","8":"tag-fr","9":"tag-france","10":"tag-monfils","11":"tag-sports","12":"tag-tennis"},"share_on_mastodon":{"url":"https:\/\/pubeurope.com\/@fr\/114788059296325496","error":""},"_links":{"self":[{"href":"https:\/\/www.europesays.com\/fr\/wp-json\/wp\/v2\/posts\/222567","targetHints":{"allow":["GET"]}}],"collection":[{"href":"https:\/\/www.europesays.com\/fr\/wp-json\/wp\/v2\/posts"}],"about":[{"href":"https:\/\/www.europesays.com\/fr\/wp-json\/wp\/v2\/types\/post"}],"author":[{"embeddable":true,"href":"https:\/\/www.europesays.com\/fr\/wp-json\/wp\/v2\/users\/2"}],"replies":[{"embeddable":true,"href":"https:\/\/www.europesays.com\/fr\/wp-json\/wp\/v2\/comments?post=222567"}],"version-history":[{"count":0,"href":"https:\/\/www.europesays.com\/fr\/wp-json\/wp\/v2\/posts\/222567\/revisions"}],"wp:featuredmedia":[{"embeddable":true,"href":"https:\/\/www.europesays.com\/fr\/wp-json\/wp\/v2\/media\/222568"}],"wp:attachment":[{"href":"https:\/\/www.europesays.com\/fr\/wp-json\/wp\/v2\/media?parent=222567"}],"wp:term":[{"taxonomy":"category","embeddable":true,"href":"https:\/\/www.europesays.com\/fr\/wp-json\/wp\/v2\/categories?post=222567"},{"taxonomy":"post_tag","embeddable":true,"href":"https:\/\/www.europesays.com\/fr\/wp-json\/wp\/v2\/tags?post=222567"}],"curies":[{"name":"wp","href":"https:\/\/api.w.org\/{rel}","templated":true}]}}