{"id":222573,"date":"2025-07-03T07:15:10","date_gmt":"2025-07-03T07:15:10","guid":{"rendered":"https:\/\/www.europesays.com\/fr\/222573\/"},"modified":"2025-07-03T07:15:10","modified_gmt":"2025-07-03T07:15:10","slug":"pogacar-ecrase-martinez-premier-francais-qui-sont-les-coureurs-les-plus-populaires-du-peloton","status":"publish","type":"post","link":"https:\/\/www.europesays.com\/fr\/222573\/","title":{"rendered":"Pogacar \u00e9cras\u00e9, Martinez premier Fran\u00e7ais, qui sont les coureurs les plus populaires du peloton?"},"content":{"rendered":"<p>S\u2019il est le grand favori avant le grand d\u00e9part du Tour de France samedi, Tadej Pogacar n\u2019est pas le coureur qui suscite le plus d\u2019int\u00e9r\u00eat aupr\u00e8s des internautes, loin de l\u00e0.<\/p>\n<p class=\"fig-paragraph\">Il a beau avoir sign\u00e9 une premi\u00e8re partie de saison exceptionnelle, encha\u00eener les victoires et les podiums et se pr\u00e9senter comme le grand favori sur\u00a0<a href=\"http:\/\/www.lefigaro.fr\/sports\/cyclisme\/tour-de-france\/tour-de-france-2025-100-hexagonal-retour-du-mont-ventoux-deux-contre-la-montre-ce-qu-il-faut-retenir-du-parcours-20241029\" data-fig-type=\"NewsFlash\" data-gtm-custom-categorie=\"navigation\" data-gtm-custom-action=\"crossclick\" data-gtm-custom-label=\"Contextuel\" data-gtm-event=\"customEventSPE\" data-fig-domain=\"LEFIGARO\" target=\"_blank\" rel=\"noopener\">le Tour de France<\/a>, Tadej Pogacar ne parvient pas \u00e0 lutter face \u00e0 Jonas Vingegaard en termes de popularit\u00e9 aupr\u00e8s du public. Une \u00e9tude men\u00e9e\u00a0<a href=\"https:\/\/buycycle.com\/blog\/fr\/\" target=\"_blank\" rel=\"nofollow noopener\" data-gtm-custom-categorie=\"navigation\" data-gtm-custom-action=\"crossclick\" data-gtm-custom-label=\"Contextuel\" data-gtm-event=\"customEventSPE\">par le site sp\u00e9cialis\u00e9 buycycle<\/a>\u00a0montre l\u2019\u00e9crasante sup\u00e9riorit\u00e9 du double vainqueur nordique dans ce domaine du nombre de recherches sur le moteur de recherche Google (l\u2019\u00e9tude a port\u00e9 sur un an, du 1er avril 2024 au 31 mars 2025).<\/p>\n<p>Vingegaard quasiment deux fois plus recherch\u00e9 que Pogacar<\/p>\n<p class=\"fig-paragraph\">Il n\u2019y a m\u00eame pas match entre les deux grands rivaux. Avec 673.000 recherches mensuelles Vingegaard tr\u00f4ne au sommet des statistiques avec quasiment le double de requ\u00eates (368.000). Plus \u00e9tonnant encore, \u00abPogi\u00bb doit partager le podium avec Wout van Aert, l\u2019homme \u00e0 tout faire de l\u2019\u00e9quipe Visma et fid\u00e8le lieutenant de Vingegaard.<\/p>\n<p>                                    <a class=\"fig-a11y-skip a11y-hidden\" href=\"#fig-a11y-skip-main-inarticle\"><br \/>\n        Passer la publicit\u00e9<br \/>\n    <\/a><\/p>\n<p class=\"fig-paragraph\">Remco Evenepoel, l\u2019outsider belge que l\u2019on pr\u00e9sente souvent comme le troisi\u00e8me homme du Tour de France pointe derri\u00e8re avec 301.000 recherches devant Mathieu van der Poel (246.000) et un grimpeur qui ne sera malheureusement pas au d\u00e9part,\u00a0<a href=\"http:\/\/www.lefigaro.fr\/sports\/cyclisme\/tour-de-france\/tour-de-france-pas-de-richard-carapaz-au-depart-de-la-grande-boucle-20250628\" data-fig-type=\"NewsFlash\" data-gtm-custom-categorie=\"navigation\" data-gtm-custom-action=\"crossclick\" data-gtm-custom-label=\"Contextuel\" data-gtm-event=\"customEventSPE\" data-fig-domain=\"LEFIGARO\" target=\"_blank\" rel=\"noopener\">Richard Carapaz<\/a>\u00a0(infection gastro-intestinale).<\/p>\n<p>Lenny Martinez premier Fran\u00e7ais<\/p>\n<p class=\"fig-paragraph\">Et les Fran\u00e7ais\u00a0? Ils sont loin derri\u00e8re. Le premier d\u2019entre eux,\u00a0<a href=\"http:\/\/www.lefigaro.fr\/sports\/cyclisme\/cyclisme-j-espere-jouer-le-general-un-jour-reve-lenny-martinez-20250615\" data-fig-type=\"NewsFlash\" data-gtm-custom-categorie=\"navigation\" data-gtm-custom-action=\"crossclick\" data-gtm-custom-label=\"Contextuel\" data-gtm-event=\"customEventSPE\" data-fig-domain=\"LEFIGARO\" target=\"_blank\" rel=\"noopener\">Lenny Martinez<\/a>, pointe au 18e rang, recherch\u00e9 par 33.100 internautes. Le jeune Fran\u00e7ais (21 ans), qui visera une victoire d\u2019\u00e9tape sur la Grande Boucle, a l\u2019avenir devant lui pour faire grimper sa popularit\u00e9 aupr\u00e8s du public.<\/p>\n<p>    <a href=\"https:\/\/photo.lefigaro.fr\/sports\/cyclisme\/tour-de-france\/de-charles-de-gaulle-a-emmanuel-macron-la-petite-histoire-des-presidents-de-la-republique-sur-le-tour-de-france-20250623\" target=\"_blank\" rel=\"noopener\"><\/p>\n<p class=\"fig-slideshow__title\">\n                    La surprise de Gaulle, l\u2019appareil photo de Mitterrand, la bi\u00e8re de Chirac&#8230; les savoureuses anecdotes des pr\u00e9sidents sur le Tour de France\n                <\/p>\n<p>Acc\u00e9der au diaporama (20)<\/p>\n<p>    <\/a><\/p>\n<p class=\"fig-paragraph\"><strong>Le classement des 20 coureurs les plus recherch\u00e9s sur Google<\/strong> <br \/>1 Jonas Vingegaard Team Visma | Lease a Bike 673,000\u00a0<br \/>2 Tadej Poga\u010dar UAE Team Emirates &#8211; XRG 368,000\u00a0<br \/>3 Wout van Aert Team Visma | Lease a Bike 368,000\u00a0<br \/>4 Remco Evenepoel Soudal Quick-Step 301,000<br \/>5 Mathieu van der Poel Alpecin &#8211; Deceuninck 246,000\u00a0<br \/>6 Richard Carapaz EF Education &#8211; EasyPost 110,000\u00a0<br \/>7 Jasper Philipsen Alpecin &#8211; Deceuninck 110,000\u00a0<br \/>8 Biniam Girmay Intermarch\u00e9 &#8211; Wanty 90,500\u00a0<br \/>9 Ben O\u2019Connor Team Jayco AlUla 74,000\u00a0<br \/>10 Primo\u017e Rogli\u010d Red Bull &#8211; BORA &#8211; hansgrohe 74,000\u00a0<br \/>11 Filippo Ganna INEOS Grenadiers 60,500\u00a0<br \/>12 Sepp Kuss Team Visma | Lease a Bike 49,500\u00a0<br \/>13 Mikel Landa Soudal Quick-Step 49,500\u00a0<br \/>14 Jonathan Milan Lidl &#8211; Trek 49,500\u00a0<br \/>15 Geraint Thomas INEOS Grenadiers 49,500\u00a0<br \/>16 Jo\u00e3o Almeida UAE Team Emirates &#8211; XRG 40,500\u00a0<br \/>17 Enric Mas Movistar Team 40,500\u00a0<br \/>18 Lenny Martinez Bahrain &#8211; Victorious 33,100\u00a0<br \/>19 Daniel Felipe Mart\u00ednez Red Bull &#8211; BORA &#8211; hansgrohe 33,100\u00a0<br \/>20 Adam Yates UAE Team Emirates &#8211; XRG 33,100<\/p>\n","protected":false},"excerpt":{"rendered":"S\u2019il est le grand favori avant le grand d\u00e9part du Tour de France samedi, Tadej Pogacar n\u2019est pas&hellip;\n","protected":false},"author":2,"featured_media":222574,"comment_status":"","ping_status":"","sticky":false,"template":"","format":"standard","meta":{"footnotes":""},"categories":[1411],"tags":[1154,207,1011,27,27884,60,1138],"class_list":{"0":"post-222573","1":"post","2":"type-post","3":"status-publish","4":"format-standard","5":"has-post-thumbnail","7":"category-cyclisme","8":"tag-cycling","9":"tag-cyclisme","10":"tag-fr","11":"tag-france","12":"tag-jonas-vingegaard","13":"tag-sports","14":"tag-tadej-pogacar"},"share_on_mastodon":{"url":"https:\/\/pubeurope.com\/@fr\/114788075086462688","error":""},"_links":{"self":[{"href":"https:\/\/www.europesays.com\/fr\/wp-json\/wp\/v2\/posts\/222573","targetHints":{"allow":["GET"]}}],"collection":[{"href":"https:\/\/www.europesays.com\/fr\/wp-json\/wp\/v2\/posts"}],"about":[{"href":"https:\/\/www.europesays.com\/fr\/wp-json\/wp\/v2\/types\/post"}],"author":[{"embeddable":true,"href":"https:\/\/www.europesays.com\/fr\/wp-json\/wp\/v2\/users\/2"}],"replies":[{"embeddable":true,"href":"https:\/\/www.europesays.com\/fr\/wp-json\/wp\/v2\/comments?post=222573"}],"version-history":[{"count":0,"href":"https:\/\/www.europesays.com\/fr\/wp-json\/wp\/v2\/posts\/222573\/revisions"}],"wp:featuredmedia":[{"embeddable":true,"href":"https:\/\/www.europesays.com\/fr\/wp-json\/wp\/v2\/media\/222574"}],"wp:attachment":[{"href":"https:\/\/www.europesays.com\/fr\/wp-json\/wp\/v2\/media?parent=222573"}],"wp:term":[{"taxonomy":"category","embeddable":true,"href":"https:\/\/www.europesays.com\/fr\/wp-json\/wp\/v2\/categories?post=222573"},{"taxonomy":"post_tag","embeddable":true,"href":"https:\/\/www.europesays.com\/fr\/wp-json\/wp\/v2\/tags?post=222573"}],"curies":[{"name":"wp","href":"https:\/\/api.w.org\/{rel}","templated":true}]}}