{"id":222577,"date":"2025-07-03T07:17:11","date_gmt":"2025-07-03T07:17:11","guid":{"rendered":"https:\/\/www.europesays.com\/fr\/222577\/"},"modified":"2025-07-03T07:17:11","modified_gmt":"2025-07-03T07:17:11","slug":"vous-netes-plus-en-mesure-de-fonctionner-normalement","status":"publish","type":"post","link":"https:\/\/www.europesays.com\/fr\/222577\/","title":{"rendered":"Vous n&rsquo;\u00eates plus en mesure de fonctionner normalement"},"content":{"rendered":"<p class=\"article-p mdl\">Pour la premi\u00e8re fois depuis\u00a0l&rsquo;annulation de sa visite aux courses hippiques d&rsquo;Ascot deux semaines auparavant, <strong>Kate Middleton a repris ses fonctions royales<\/strong>, mercredi 2 juillet. La princesse de Galles s&rsquo;est rendue dans un h\u00f4pital de l&rsquo;Essex, o\u00f9 elle a \u00e9chang\u00e9 avec des malades, et est revenue sur son cancer et la vie d&rsquo;apr\u00e8s.<\/p>\n<p class=\"article-p mdl\">\u00ab\u00a0On fait bonne figure, on reste sto\u00efque pendant le traitement. Une fois le traitement termin\u00e9, on se dit : &lsquo;Je peux reprendre, revenir \u00e0 la normale&rsquo;, mais en r\u00e9alit\u00e9, <strong>la phase qui suit est vraiment, vraiment difficile<\/strong>\u00ab\u00a0, a expliqu\u00e9\u00a0<a class=\"link\" href=\"https:\/\/www.rtl.fr\/culture\/medias-people\/kate-middleton-une-photo-inedite-de-la-princesse-prise-par-le-prince-louis-publiee-sur-instagram-7900469049\" title=\"Kate Middleton : une photo in\u00e9dite de la princesse prise par le prince Louis publi\u00e9e sur Instagram\" target=\"_blank\" rel=\"noopener\">Kate Middleton<\/a>, dont les propos ont \u00e9t\u00e9 retranscrits par la\u00a0<a class=\"link\" href=\"https:\/\/www.bbc.com\/news\/articles\/c6257z1w5ypo\" target=\"_blank\" rel=\"noopener\">BBC<\/a>. \u00ab\u00a0Mais la phase qui suit est vraiment difficile\u00a0\u00bb, a poursuivi la princesse, \u00ab\u00a0<strong>vous n&rsquo;\u00eates pas capable de fonctionner normalement<\/strong> \u00e0 la maison comme on le faisait peut-\u00eatre avant\u00a0\u00bb.<\/p>\n<p class=\"article-p mdl\">En discutant avec les patients, elle a ajout\u00e9 : \u00ab\u00a0Il faut trouver sa nouvelle normalit\u00e9, et cela prend du temps. Et c&rsquo;est comme des montagnes russes, ce n&rsquo;est pas un long fleuve tranquille, comme on l&rsquo;imagine. Mais la r\u00e9alit\u00e9 est que ce n&rsquo;est pas le cas, <strong>on traverse des moments difficiles<\/strong>.\u00a0\u00bb<\/p>\n<p class=\"article-p mdl\">La princesse de Galles avait annonc\u00e9, le 14 janvier dernier,\u00a0\u00ab\u00a0\u00eatre\u00a0<a class=\"link\" href=\"https:\/\/www.rtl.fr\/culture\/medias-people\/kate-middleton-la-princesse-de-galles-annonce-etre-en-remission-de-son-cancer-7900461250\" title=\"Kate Middleton : la princesse de Galles d\u00e9clare \u00eatre &quot;en r\u00e9mission&quot; de son cancer\" target=\"_blank\" rel=\"noopener\">en r\u00e9mission\u00a0\u00bb de son cancer<\/a>.\u00a0En mars 2024, Kate Middleton avait r\u00e9v\u00e9l\u00e9 \u00eatre atteinte d&rsquo;un cancer.<\/p>\n<p>    La r\u00e9daction vous recommande<\/p>\n<p class=\"s-newsletter__title\">\n                L\u2019actualit\u00e9 par la r\u00e9daction de RTL dans votre bo\u00eete mail.\n            <\/p>\n<p class=\"s-newsletter__subtitle\">\n                Gr\u00e2ce \u00e0 votre compte RTL abonnez-vous \u00e0 la newsletter RTL info pour suivre toute l&rsquo;actualit\u00e9 au quotidien\n            <\/p>\n<p>\n                                    Lire la suite\n                                <\/p>\n","protected":false},"excerpt":{"rendered":"Pour la premi\u00e8re fois depuis\u00a0l&rsquo;annulation de sa visite aux courses hippiques d&rsquo;Ascot deux semaines auparavant, Kate Middleton a&hellip;\n","protected":false},"author":2,"featured_media":222578,"comment_status":"","ping_status":"","sticky":false,"template":"","format":"standard","meta":{"footnotes":""},"categories":[1359],"tags":[101,58,59,2414,107,1011,27,5858,226,973],"class_list":{"0":"post-222577","1":"post","2":"type-post","3":"status-publish","4":"format-standard","5":"has-post-thumbnail","7":"category-people","8":"tag-cancer","9":"tag-divertissement","10":"tag-entertainment","11":"tag-fil-culture","12":"tag-fil-info","13":"tag-fr","14":"tag-france","15":"tag-kate-middleton","16":"tag-maladie","17":"tag-people"},"share_on_mastodon":{"url":"https:\/\/pubeurope.com\/@fr\/114788082921173257","error":""},"_links":{"self":[{"href":"https:\/\/www.europesays.com\/fr\/wp-json\/wp\/v2\/posts\/222577","targetHints":{"allow":["GET"]}}],"collection":[{"href":"https:\/\/www.europesays.com\/fr\/wp-json\/wp\/v2\/posts"}],"about":[{"href":"https:\/\/www.europesays.com\/fr\/wp-json\/wp\/v2\/types\/post"}],"author":[{"embeddable":true,"href":"https:\/\/www.europesays.com\/fr\/wp-json\/wp\/v2\/users\/2"}],"replies":[{"embeddable":true,"href":"https:\/\/www.europesays.com\/fr\/wp-json\/wp\/v2\/comments?post=222577"}],"version-history":[{"count":0,"href":"https:\/\/www.europesays.com\/fr\/wp-json\/wp\/v2\/posts\/222577\/revisions"}],"wp:featuredmedia":[{"embeddable":true,"href":"https:\/\/www.europesays.com\/fr\/wp-json\/wp\/v2\/media\/222578"}],"wp:attachment":[{"href":"https:\/\/www.europesays.com\/fr\/wp-json\/wp\/v2\/media?parent=222577"}],"wp:term":[{"taxonomy":"category","embeddable":true,"href":"https:\/\/www.europesays.com\/fr\/wp-json\/wp\/v2\/categories?post=222577"},{"taxonomy":"post_tag","embeddable":true,"href":"https:\/\/www.europesays.com\/fr\/wp-json\/wp\/v2\/tags?post=222577"}],"curies":[{"name":"wp","href":"https:\/\/api.w.org\/{rel}","templated":true}]}}