{"id":222579,"date":"2025-07-03T07:18:18","date_gmt":"2025-07-03T07:18:18","guid":{"rendered":"https:\/\/www.europesays.com\/fr\/222579\/"},"modified":"2025-07-03T07:18:18","modified_gmt":"2025-07-03T07:18:18","slug":"la-fondation-bustamante-ouvrira-a-arles-a-lete-2026","status":"publish","type":"post","link":"https:\/\/www.europesays.com\/fr\/222579\/","title":{"rendered":"La Fondation Bustamante ouvrira \u00e0 Arles \u00e0 l\u2019\u00e9t\u00e9 2026"},"content":{"rendered":"<p class=\"editor-content__paragraph\">L\u2019artiste <a href=\"https:\/\/www.beauxarts.com\/expos\/jean-marc-bustamante-par-la-grace-dun-geste-simple\/\" target=\"_blank\" rel=\"noopener nofollow\"><strong>Jean-Marc Bustamante<\/strong><\/a> vient d\u2019annoncer l\u2019ouverture de <strong>sa Fondation \u00e0 Arles \u00e0 l\u2019\u00e9t\u00e9 2026<\/strong>, dans l\u2019Est du quartier de la Roquette. Celle-ci sera install\u00e9e au sein de l\u2019<strong>\u00e9glise Sainte-Croix<\/strong>, ancienne paroisse m\u00e9di\u00e9vale reconstruite au<strong> XVIIIe si\u00e8cle<\/strong>, enti\u00e8rement transform\u00e9e pour l\u2019occasion par <strong>l\u2019architecte et designer Charles Zana<\/strong> en un vaste espace d\u2019exposition r\u00e9parti sur <strong>trois \u00e9tages<\/strong>.<\/p>\n<p class=\"editor-content__paragraph\">Photographe, peintre et sculpteur, n\u00e9 en 1952 \u00e0 Toulouse, qui <strong>repr\u00e9senta la France \u00e0 la 50e Biennale de Venise en 2003<\/strong>, Jean-Marc Bustamante fut l\u2019ancien directeur artistique du <strong>Printemps de Septembre<\/strong> \u00e0 Toulouse et celui, plus controvers\u00e9, de <strong>l\u2019\u00c9cole nationale sup\u00e9rieure des beaux-arts de Paris<\/strong> (o\u00f9 il resta de 2015 \u00e0 2018). Acad\u00e9micien depuis 2016, bient\u00f4t \u00e0 l\u2019honneur d\u2019une r\u00e9trospective de son \u0153uvre au Ludwig Museum Koblenz (attendue pour 2026), l\u2019artiste a pens\u00e9 ce lieu comme \u00ab\u00a0un <strong>centre culturel audacieux<\/strong>,<strong> innovant et ind\u00e9pendant<\/strong>\u00a0\u00bb.<\/p>\n<p>        \u00c0 lire aussi :<br \/>\n        <a class=\"renvoi-explicite__link\" href=\"https:\/\/www.beauxarts.com\/expos\/jean-marc-bustamante-par-la-grace-dun-geste-simple\/\" rel=\"nofollow noopener\" target=\"_blank\">Jean-Marc Bustamante, par la gr\u00e2ce d&rsquo;un geste simple<\/a><\/p>\n<p>La cr\u00e9ation contemporaine sous toutes ses formes<\/p>\n<p>    <img loading=\"lazy\" decoding=\"async\" class=\"image__img\" src=\"https:\/\/www.europesays.com\/fr\/wp-content\/uploads\/2025\/07\/webjean-marc-bustamante-2019-ensba_-photo-mark-lyon-964x1122.jpg\" alt=\"Jean-Marc Bustamante \u00e0 l\u2019ENSBA\" width=\"964\" height=\"1122\"\/><\/p>\n<p>Jean-Marc Bustamante \u00e0 l\u2019ENSBA, 2019<\/p>\n<p>    i<\/p>\n<p class=\"editor-content__paragraph\">Ses missions\u00a0: <strong>r\u00e9v\u00e9ler des talents m\u00e9connus <\/strong>et montrer la cr\u00e9ation contemporaine sous toutes ses formes \u2013 vid\u00e9o, photographie, installation, peinture, sculpture et musique \u2013 \u00e0 travers une <strong>ambitieuse programmation d\u2019expositions<\/strong>, mais aussi lancer une s\u00e9rie de <strong>masterclasses<\/strong>, que dirigera Jean-Marc Bustamante, compl\u00e9t\u00e9e par des conf\u00e9rences et symposiums. <strong>Sans oublier un r\u00f4le patrimonial<\/strong>, visant \u00e0 conserver et rendre accessible <strong>les archives de l\u2019artiste<\/strong>.<\/p>\n<p>        \u00c0 lire aussi :<br \/>\n        <a class=\"renvoi-explicite__link\" href=\"https:\/\/www.beauxarts.com\/grand-format\/un-nouveau-musee-fragonard-tisse-lhistoire-de-la-mode-et-du-costume-a-arles\/\" rel=\"nofollow noopener\" target=\"_blank\">Un nouveau mus\u00e9e Fragonard tisse l\u2019histoire de la mode et du costume \u00e0 Arles<\/a><\/p>\n<p>Arles, ville de culture<\/p>\n<p class=\"editor-content__paragraph\">La Fondation vient <strong>enrichir un paysage culturel arl\u00e9sien<\/strong> d\u00e9j\u00e0 en pleine effervescence durant la p\u00e9riode estivale. R\u00e9put\u00e9e pour son amour de la <strong>photographie<\/strong> et le grand Festival qu\u2019elle lui consacre tous les \u00e9t\u00e9s depuis 1970\u00a0\u2013 les fameuses <strong><a href=\"https:\/\/www.beauxarts.com\/expos\/a-arles-8-expositions-photos-d-images-indociles-et-jouissives\/\" target=\"_blank\" rel=\"noopener nofollow\">Rencontres d\u2019Arles<\/a><\/strong> \u2013, la ville a inaugur\u00e9 en 2014 <strong>la Fondation Van Gogh<\/strong>, suivie en 2021\u00a0du campus cr\u00e9atif de 11\u00a0hectares de la <strong>Fondation LUMA<\/strong>, avec sa tour visible de loin sign\u00e9e <strong>Frank Gehry<\/strong>, et, la m\u00eame ann\u00e9e, de la<a href=\"https:\/\/www.beauxarts.com\/expos\/lee-ufan-sous-le-ciel-arlesien\/\" target=\"_blank\" rel=\"noopener nofollow\"> <strong>Fondation de l\u2019artiste cor\u00e9en Lee Ufan<\/strong><\/a>, install\u00e9e au sein de l\u2019h\u00f4tel Vernon et r\u00e9am\u00e9nag\u00e9 par <strong>son ami Tadao Ando.<\/strong><\/p>\n<p>    <img loading=\"lazy\" decoding=\"async\" class=\"image__img\" src=\"https:\/\/www.europesays.com\/fr\/wp-content\/uploads\/2025\/07\/jbu_1074_72dpi-1-964x771.png\" alt=\"Jean-Marc Bustamante, Perfect painting\" width=\"964\" height=\"771\"\/><\/p>\n<p>Jean-Marc Bustamante, Perfect painting, 2019<\/p>\n<p>    i<\/p>\n<p class=\"legende__cartel\">Encre sur toile \u2022 140 \u00d7 198\u00a0cm \u2022 Courtesy Galerie Thaddaeus Ropac, London, Paris, Salzburg \u2022 \u00a9 Jean-Marc Bustamante \/ ADAGP,Paris, 2020 \/ Photo Charles Duprat<\/p>\n<p class=\"editor-content__paragraph\">Depuis 2023, la cit\u00e9 accueille \u00e9galement au printemps un <strong>Festival de dessin organis\u00e9 dans divers lieux patrimoniaux.<\/strong> Cette ann\u00e9e \u00e9galement, la ville a vu enfin ouvrir <a href=\"https:\/\/www.beauxarts.com\/grand-format\/un-nouveau-musee-fragonard-tisse-lhistoire-de-la-mode-et-du-costume-a-arles\/\" target=\"_blank\" rel=\"noopener nofollow\"><strong>son mus\u00e9e de la Mode et du Costume Fragonard<\/strong><\/a><a href=\"https:\/\/www.beauxarts.com\/grand-format\/un-nouveau-musee-fragonard-tisse-lhistoire-de-la-mode-et-du-costume-a-arles\/\" rel=\"nofollow noopener\" target=\"_blank\">,<\/a> attendu de longue date, dans l\u2019h\u00f4tel Bouchaud de Bussy, joyau architectural des XVIIe et XVIIIe si\u00e8cles restaur\u00e9.<\/p>\n<p class=\"editor-content__paragraph\">Ce nouveau centre d\u2019art annonc\u00e9 par l\u2019artiste fran\u00e7ais de renomm\u00e9e internationale devra trouver sa place dans une ville d\u00e9j\u00e0 donc riche en lieux culturels, mais qui attire chaque ann\u00e9e <strong>1,5\u00a0millions de visiteurs.<\/strong><\/p>\n<p>  Arrow<\/p>\n<p>Fondation Bustamante<\/p>\n<p>Ouverture \u00e0 l&rsquo;\u00e9t\u00e9 2026<\/p>\n<p class=\"annexe-content__infos\">Rue de Chartrouse \u2022 13200 Arles<\/p>\n<p>        \u00c0 lire aussi :<br \/>\n        <a class=\"renvoi-explicite__link\" href=\"https:\/\/www.beauxarts.com\/expos\/a-arles-8-expositions-photos-d-images-indociles-et-jouissives\/\" rel=\"nofollow noopener\" target=\"_blank\">\u00c0 Arles, 8 expositions photos d\u2019\u00ab images indociles \u00bb et jouissives<\/a><\/p>\n","protected":false},"excerpt":{"rendered":"L\u2019artiste Jean-Marc Bustamante vient d\u2019annoncer l\u2019ouverture de sa Fondation \u00e0 Arles \u00e0 l\u2019\u00e9t\u00e9 2026, dans l\u2019Est du quartier&hellip;\n","protected":false},"author":2,"featured_media":222580,"comment_status":"","ping_status":"","sticky":false,"template":"","format":"standard","meta":{"footnotes":""},"categories":[1358],"tags":[1396,1348,1384,1385,1386,58,59,36178,1011,27,36177],"class_list":{"0":"post-222579","1":"post","2":"type-post","3":"status-publish","4":"format-standard","5":"has-post-thumbnail","7":"category-arts-et-design","8":"tag-art-contemporain","9":"tag-arts","10":"tag-arts-and-design","11":"tag-arts-et-design","12":"tag-design","13":"tag-divertissement","14":"tag-entertainment","15":"tag-fondation-bustamante","16":"tag-fr","17":"tag-france","18":"tag-jean-marc-bustamante"},"share_on_mastodon":{"url":"https:\/\/pubeurope.com\/@fr\/114788086875089016","error":""},"_links":{"self":[{"href":"https:\/\/www.europesays.com\/fr\/wp-json\/wp\/v2\/posts\/222579","targetHints":{"allow":["GET"]}}],"collection":[{"href":"https:\/\/www.europesays.com\/fr\/wp-json\/wp\/v2\/posts"}],"about":[{"href":"https:\/\/www.europesays.com\/fr\/wp-json\/wp\/v2\/types\/post"}],"author":[{"embeddable":true,"href":"https:\/\/www.europesays.com\/fr\/wp-json\/wp\/v2\/users\/2"}],"replies":[{"embeddable":true,"href":"https:\/\/www.europesays.com\/fr\/wp-json\/wp\/v2\/comments?post=222579"}],"version-history":[{"count":0,"href":"https:\/\/www.europesays.com\/fr\/wp-json\/wp\/v2\/posts\/222579\/revisions"}],"wp:featuredmedia":[{"embeddable":true,"href":"https:\/\/www.europesays.com\/fr\/wp-json\/wp\/v2\/media\/222580"}],"wp:attachment":[{"href":"https:\/\/www.europesays.com\/fr\/wp-json\/wp\/v2\/media?parent=222579"}],"wp:term":[{"taxonomy":"category","embeddable":true,"href":"https:\/\/www.europesays.com\/fr\/wp-json\/wp\/v2\/categories?post=222579"},{"taxonomy":"post_tag","embeddable":true,"href":"https:\/\/www.europesays.com\/fr\/wp-json\/wp\/v2\/tags?post=222579"}],"curies":[{"name":"wp","href":"https:\/\/api.w.org\/{rel}","templated":true}]}}