{"id":222589,"date":"2025-07-03T07:24:15","date_gmt":"2025-07-03T07:24:15","guid":{"rendered":"https:\/\/www.europesays.com\/fr\/222589\/"},"modified":"2025-07-03T07:24:15","modified_gmt":"2025-07-03T07:24:15","slug":"lol-fixe-avant-le-11-juillet","status":"publish","type":"post","link":"https:\/\/www.europesays.com\/fr\/222589\/","title":{"rendered":"l&rsquo;OL fix\u00e9 avant le 11\u00a0juillet\u00a0?"},"content":{"rendered":"<p>Le lundi 7\u00a0juillet, l\u2019OL reprendra l\u2019entra\u00eenement avec un effectif et un staff sans savoir encore s\u2019il \u00e9voluera en Ligue 1 ou en Ligue 2. Combien de temps va durer cette incertitude qui bloque compl\u00e8tement le mercato et provoque une certaine nervosit\u00e9 dans l\u2019entourage des joueurs\u00a0?<\/p>\n<p>Selon l\u2019Equipe, la d\u00e9cision tant attendue de la commission d\u2019appel de la DNCG pourrait tomber d\u00e8s la semaine prochaine, alors que la date butoir fix\u00e9e par la F\u00e9d\u00e9ration \u00e0 toutes ses commissions est fix\u00e9e au 17\u00a0juillet.<\/p>\n<p><a href=\"https:\/\/www.leprogres.fr\/sport\/2025\/06\/30\/ol-john-textor-mis-en-retrait-michele-kang-nouvelle-presidente-du-club\" target=\"_blank\" rel=\"noopener\">Depuis l\u2019annonce le 30\u00a0juin de la d\u00e9mission de John Textor<\/a> et de la nomination de <a href=\"https:\/\/www.leprogres.fr\/p\/michele-kang\" target=\"_blank\" rel=\"noopener\">Michele Kang<\/a> \u00e0 la pr\u00e9sidence de l\u2019OL, le club n\u2019a proc\u00e9d\u00e9 \u00e0 aucune communication. \u00ab\u00a0Michele Kang jouera un r\u00f4le actif dans le soutien \u00e0 la direction ex\u00e9cutive de l\u2019Olympique lyonnais notamment en dirigeant la proc\u00e9dure de recours du club aupr\u00e8s de la Direction nationale du contr\u00f4le de gestion\u00a0\u00bb ,soulignait l\u2019OL ce jour-l\u00e0 qui esp\u00e9rait, gr\u00e2ce \u00e0 ce changement de direction, infl\u00e9chir la position du gendarme financier du football fran\u00e7ais.<\/p>\n<p>  70 millions d&rsquo;euros \u00e0 trouver<\/p>\n<p>Le courrier indiquant les motivations de la d\u00e9cision de la DNCG serait arriv\u00e9 au club ce lundi, soit 6 jours apr\u00e8s la d\u00e9cision, ce qui a permis \u00e0 l\u2019OL de lancer sa proc\u00e9dure d\u2019appel et de monter un dossier permettant de r\u00e9pondre aux exigences financi\u00e8res avant daller d\u00e9fendre le dossier dans les tous prochains jours.<\/p>\n<p>Reste \u00e0 savoir quelle somme les actionnaires vont devoir r\u00e9injecter sur un compte propre \u00e0 l\u2019OL, l\u2019Equipe annon\u00e7ant un montant minimum de 70 millions d\u2019euros, afin de pouvoir valider son maintien en Ligue 1 et sa participation en Ligue Europa.<\/p>\n<p>La course contre-la-montre est lanc\u00e9e.<\/p>\n","protected":false},"excerpt":{"rendered":"Le lundi 7\u00a0juillet, l\u2019OL reprendra l\u2019entra\u00eenement avec un effectif et un staff sans savoir encore s\u2019il \u00e9voluera en&hellip;\n","protected":false},"author":2,"featured_media":222590,"comment_status":"","ping_status":"","sticky":false,"template":"","format":"standard","meta":{"footnotes":""},"categories":[9],"tags":[2757,107,63,1011,27,2428,2756,2755,2429,517,60],"class_list":{"0":"post-222589","1":"post","2":"type-post","3":"status-publish","4":"format-standard","5":"has-post-thumbnail","7":"category-sports","8":"tag-edition-lyon-villeurbanne","9":"tag-fil-info","10":"tag-football","11":"tag-fr","12":"tag-france","13":"tag-lyon","14":"tag-lyon-bassin","15":"tag-ol-olympique-lyonnais-football","16":"tag-rhone","17":"tag-sport","18":"tag-sports"},"share_on_mastodon":{"url":"https:\/\/pubeurope.com\/@fr\/114788110434864956","error":""},"_links":{"self":[{"href":"https:\/\/www.europesays.com\/fr\/wp-json\/wp\/v2\/posts\/222589","targetHints":{"allow":["GET"]}}],"collection":[{"href":"https:\/\/www.europesays.com\/fr\/wp-json\/wp\/v2\/posts"}],"about":[{"href":"https:\/\/www.europesays.com\/fr\/wp-json\/wp\/v2\/types\/post"}],"author":[{"embeddable":true,"href":"https:\/\/www.europesays.com\/fr\/wp-json\/wp\/v2\/users\/2"}],"replies":[{"embeddable":true,"href":"https:\/\/www.europesays.com\/fr\/wp-json\/wp\/v2\/comments?post=222589"}],"version-history":[{"count":0,"href":"https:\/\/www.europesays.com\/fr\/wp-json\/wp\/v2\/posts\/222589\/revisions"}],"wp:featuredmedia":[{"embeddable":true,"href":"https:\/\/www.europesays.com\/fr\/wp-json\/wp\/v2\/media\/222590"}],"wp:attachment":[{"href":"https:\/\/www.europesays.com\/fr\/wp-json\/wp\/v2\/media?parent=222589"}],"wp:term":[{"taxonomy":"category","embeddable":true,"href":"https:\/\/www.europesays.com\/fr\/wp-json\/wp\/v2\/categories?post=222589"},{"taxonomy":"post_tag","embeddable":true,"href":"https:\/\/www.europesays.com\/fr\/wp-json\/wp\/v2\/tags?post=222589"}],"curies":[{"name":"wp","href":"https:\/\/api.w.org\/{rel}","templated":true}]}}