{"id":222593,"date":"2025-07-03T07:26:09","date_gmt":"2025-07-03T07:26:09","guid":{"rendered":"https:\/\/www.europesays.com\/fr\/222593\/"},"modified":"2025-07-03T07:26:09","modified_gmt":"2025-07-03T07:26:09","slug":"les-resultats-ont-ete-surprenants","status":"publish","type":"post","link":"https:\/\/www.europesays.com\/fr\/222593\/","title":{"rendered":"les r\u00e9sultats ont \u00e9t\u00e9 surprenants"},"content":{"rendered":"<p data-start=\"239\" data-end=\"772\"><strong>La douleur est une<br \/>\nexp\u00e9rience universelle, mais qu\u2019en est-il chez les tout-petits, ces<br \/>\n\u00eatres fragiles qui viennent \u00e0 peine de na\u00eetre ? Pendant longtemps,<br \/>\nla douleur chez les <a href=\"https:\/\/sciencepost.fr\/pourquoi-femmes-ne-lechent-nouveau-nes-apres-accouchement\/\" target=\"_blank\" rel=\"noopener nofollow\">nouveau-n\u00e9s<\/a>, et particuli\u00e8rement<br \/>\nchez les pr\u00e9matur\u00e9s, a \u00e9t\u00e9 consid\u00e9r\u00e9e sous un prisme simple : ils<br \/>\nressentiraient la douleur comme les adultes, avec la m\u00eame<br \/>\nintensit\u00e9. Une nouvelle \u00e9tude men\u00e9e par l\u2019University College de<br \/>\nLondres vient bouleverser cette id\u00e9e re\u00e7ue.<\/strong><\/p>\n<p>Un ph\u00e9nom\u00e8ne bien plus complexe<br \/>\nqu\u2019on ne le croit<\/p>\n<p data-start=\"841\" data-end=\"1270\">Chez l\u2019adulte, la douleur ne se<br \/>\nr\u00e9sume pas \u00e0 une simple sensation physique. Elle est une exp\u00e9rience<br \/>\nmultidimensionnelle m\u00ealant sensations corporelles, \u00e9motions et<br \/>\ninterpr\u00e9tations cognitives. Derri\u00e8re cette exp\u00e9rience se cache un<br \/>\nr\u00e9seau complexe de r\u00e9gions c\u00e9r\u00e9brales appel\u00e9 le \u00ab connectome de la<br \/>\ndouleur \u00bb. Ce r\u00e9seau int\u00e8gre diff\u00e9rentes fonctions : d\u00e9tecter la<br \/>\ndouleur, r\u00e9agir \u00e9motionnellement \u00e0 celle-ci, et enfin la<br \/>\ncomprendre.<\/p>\n<p data-start=\"1272\" data-end=\"1517\">Mais qu\u2019en est-il du cerveau<br \/>\nimmature d\u2019un b\u00e9b\u00e9 ? Est-il capable de vivre la douleur comme un<br \/>\nadulte, avec ses r\u00e9ponses \u00e9motionnelles et cognitives ? C\u2019est la<br \/>\nquestion \u00e0 laquelle le professeur Lorenzo Fabrizi et son \u00e9quipe ont<br \/>\ntent\u00e9 de r\u00e9pondre.<\/p>\n<p>La maturation progressive du<br \/>\ncerveau<\/p>\n<p data-start=\"1578\" data-end=\"1875\">Pour \u00e9tudier ce ph\u00e9nom\u00e8ne, les<br \/>\nchercheurs ont analys\u00e9 les donn\u00e9es d\u2019IRM de plus de 370<br \/>\nnourrissons, incluant des pr\u00e9matur\u00e9s d\u00e8s 32 semaines de gestation<br \/>\njusqu\u2019\u00e0 des b\u00e9b\u00e9s n\u00e9s \u00e0 terme. Leur objectif : observer la<br \/>\nmaturation progressive des diff\u00e9rentes parties du cerveau<br \/>\nimpliqu\u00e9es dans la douleur.<\/p>\n<p data-start=\"1877\" data-end=\"2051\">Leur d\u00e9couverte est claire :<br \/>\nle traitement de cette sensation chez le nourrisson se d\u00e9veloppe en<br \/>\nplusieurs \u00e9tapes, correspondant \u00e0 la maturation progressive des<br \/>\nr\u00e9seaux c\u00e9r\u00e9braux.<\/p>\n<ul data-start=\"2053\" data-end=\"2811\">\n<li data-start=\"2053\" data-end=\"2334\">\n<p data-start=\"2055\" data-end=\"2334\"><strong data-start=\"2055\" data-end=\"2095\">Entre 34 et 36 semaines de gestation<\/strong>, le<br \/>\nr\u00e9seau sensoriel-discriminatif, qui permet de localiser la douleur<br \/>\net d\u2019\u00e9valuer son intensit\u00e9, commence \u00e0 fonctionner presque comme<br \/>\nchez l\u2019adulte. Cela signifie que m\u00eame un b\u00e9b\u00e9 pr\u00e9matur\u00e9 est capable<br \/>\nde ressentir une g\u00e8ne physique.<\/p>\n<\/li>\n<li data-start=\"2338\" data-end=\"2526\">\n<p data-start=\"2340\" data-end=\"2526\"><strong data-start=\"2340\" data-end=\"2365\">Vers 36 \u00e0 38 semaines<\/strong>, le r\u00e9seau<br \/>\naffectif-motivationnel, qui g\u00e9n\u00e8re la r\u00e9ponse \u00e9motionnelle \u00e0 la<br \/>\ndouleur \u2014 une sensation d\u00e9sagr\u00e9able ou mena\u00e7ante \u2014 se met en<br \/>\nplace.<\/p>\n<\/li>\n<li data-start=\"2528\" data-end=\"2811\">\n<p data-start=\"2530\" data-end=\"2811\">En revanche, le r\u00e9seau<br \/>\ncognitif-\u00e9valuatif, qui permet de donner un sens \u00e0 la douleur, de<br \/>\nla contextualiser ou de la comprendre, n\u2019atteint pas la maturit\u00e9<br \/>\navant bien apr\u00e8s 42 semaines. Autrement dit, m\u00eame un nouveau-n\u00e9 \u00e0<br \/>\nterme ne peut pas pleinement interpr\u00e9ter ce qu\u2019il lui arrive.<\/p>\n<\/li>\n<\/ul>\n<p><img loading=\"lazy\" data-lazyloaded=\"1\" decoding=\"async\" class=\"size-full wp-image-311699\" src=\"https:\/\/www.europesays.com\/fr\/wp-content\/uploads\/2025\/07\/iStock-1489125899-scaled.jpg\" alt=\"t\u00eate b\u00e9b\u00e9s douleur\" width=\"2048\" height=\"1365\"  data-\/><\/p>\n<p class=\"istock-credit\" style=\"text-align:center\">Cr\u00e9dit :<br \/>\niStock<\/p>\n<p>Cr\u00e9dits : Liudmila Chernetska\/istockUne perception bien<br \/>\ndiff\u00e9rente chez les b\u00e9b\u00e9s<\/p>\n<p data-start=\"2877\" data-end=\"3230\">Cette d\u00e9couverte fondamentale<br \/>\nsignifie que, pour un b\u00e9b\u00e9, la douleur est avant tout une sensation<br \/>\nbrute, sans l\u2019interpr\u00e9tation \u00e9motionnelle ou cognitive qui<br \/>\nstructure l\u2019exp\u00e9rience chez un adulte. Le nourrisson peut donc<br \/>\nressentir la douleur, mais ne la comprend pas, ni ne d\u00e9veloppe les<br \/>\nm\u00e9canismes psychologiques complexes qui permettent d\u2019y faire<br \/>\nface.<\/p>\n<p data-start=\"3232\" data-end=\"3563\">Ce constat est<br \/>\nparticuli\u00e8rement crucial pour les b\u00e9b\u00e9s pr\u00e9matur\u00e9s, souvent soumis<br \/>\n\u00e0 de multiples interventions m\u00e9dicales douloureuses. Une \u00e9tude<br \/>\nant\u00e9rieure du m\u00eame groupe de recherche avait d\u00e9j\u00e0 montr\u00e9 que ces<br \/>\npr\u00e9matur\u00e9s ne d\u00e9veloppent pas d\u2019habituation \u00e0 la douleur : leur<br \/>\ncerveau ne s\u2019adapte pas, et chaque douleur reste intense.<\/p>\n<p data-start=\"3565\" data-end=\"3809\">Cette nouvelle \u00e9tude explique<br \/>\npourquoi : sans r\u00e9seaux c\u00e9r\u00e9braux matures pour g\u00e9rer<br \/>\n\u00e9motionnellement ou cognitivement la douleur, ils restent<br \/>\nvuln\u00e9rables, incapables de cr\u00e9er des m\u00e9canismes de d\u00e9fense ou de<br \/>\nr\u00e9silience face aux douleurs r\u00e9p\u00e9t\u00e9es.<\/p>\n<p>Quelles implications pour les<br \/>\nsoins n\u00e9onatals ?<\/p>\n<p data-start=\"3863\" data-end=\"4053\"><a href=\"https:\/\/doi.org\/10.1097\/j.pain.0000000000003619\" target=\"_blank\" rel=\"noopener nofollow\">Les r\u00e9sultats de cette recherche<\/a> jettent une<br \/>\nlumi\u00e8re nouvelle sur la mani\u00e8re dont les \u00e9quipes m\u00e9dicales<br \/>\ndevraient aborder la douleur chez les nouveau-n\u00e9s, et plus encore<br \/>\nchez les pr\u00e9matur\u00e9s.<\/p>\n<p data-start=\"4055\" data-end=\"4210\">Il ne s\u2019agit plus seulement de<br \/>\ntraiter la douleur physique, mais d\u2019int\u00e9grer la complexit\u00e9 du<br \/>\nd\u00e9veloppement c\u00e9r\u00e9bral pour adapter les soins. Cela signifie :<\/p>\n<ul data-start=\"4212\" data-end=\"4566\">\n<li data-start=\"4212\" data-end=\"4321\">\n<p data-start=\"4214\" data-end=\"4321\"><strong data-start=\"4214\" data-end=\"4270\">Une gestion plus rigoureuse et adapt\u00e9e de la<br \/>\ndouleur<\/strong>, m\u00eame pour des interventions consid\u00e9r\u00e9es<br \/>\nmineures.<\/p>\n<\/li>\n<li data-start=\"4322\" data-end=\"4461\">\n<p data-start=\"4324\" data-end=\"4461\"><strong data-start=\"4324\" data-end=\"4370\">La mise en place de protocoles sp\u00e9cifiques<\/strong><br \/>\nqui limitent les stimuli douloureux, surtout dans les unit\u00e9s de<br \/>\nsoins intensifs n\u00e9onatals.<\/p>\n<\/li>\n<li data-start=\"4462\" data-end=\"4566\">\n<p data-start=\"4464\" data-end=\"4566\"><strong data-start=\"4464\" data-end=\"4509\">Un accompagnement plus doux et progressif<\/strong>,<br \/>\nprenant en compte la vuln\u00e9rabilit\u00e9 du cerveau immature.<\/p>\n<\/li>\n<\/ul>\n<p data-start=\"4568\" data-end=\"4808\">Le professeur Fabrizi insiste<br \/>\n: \u00ab Nos r\u00e9sultats soulignent \u00e0 quel point il est crucial de<br \/>\nrepenser la prise en charge de la douleur chez les nourrissons, car<br \/>\nleurs cerveaux ne sont pas \u00e9quip\u00e9s pour g\u00e9rer la douleur comme ceux<br \/>\ndes adultes. \u00bb<\/p>\n<p data-start=\"5188\" data-end=\"5448\">Au-del\u00e0 des soins m\u00e9dicaux,<br \/>\ncette recherche pose aussi une question \u00e9thique importante : la<br \/>\ndouleur chez le b\u00e9b\u00e9 est une r\u00e9alit\u00e9 ind\u00e9niable, mais sa<br \/>\nperception, sa compr\u00e9hension et son traitement doivent \u00eatre<br \/>\nr\u00e9\u00e9valu\u00e9s pour mieux prot\u00e9ger les plus vuln\u00e9rables.<\/p>\n","protected":false},"excerpt":{"rendered":"La douleur est une exp\u00e9rience universelle, mais qu\u2019en est-il chez les tout-petits, ces \u00eatres fragiles qui viennent \u00e0&hellip;\n","protected":false},"author":2,"featured_media":222594,"comment_status":"","ping_status":"","sticky":false,"template":"","format":"standard","meta":{"footnotes":""},"categories":[7],"tags":[1011,27,43,40,41,39,42,44],"class_list":{"0":"post-222593","1":"post","2":"type-post","3":"status-publish","4":"format-standard","5":"has-post-thumbnail","7":"category-sciences-et-technologies","8":"tag-fr","9":"tag-france","10":"tag-science","11":"tag-science-and-technology","12":"tag-sciences","13":"tag-sciences-et-technologies","14":"tag-technologies","15":"tag-technology"},"share_on_mastodon":{"url":"https:\/\/pubeurope.com\/@fr\/114788118390355926","error":""},"_links":{"self":[{"href":"https:\/\/www.europesays.com\/fr\/wp-json\/wp\/v2\/posts\/222593","targetHints":{"allow":["GET"]}}],"collection":[{"href":"https:\/\/www.europesays.com\/fr\/wp-json\/wp\/v2\/posts"}],"about":[{"href":"https:\/\/www.europesays.com\/fr\/wp-json\/wp\/v2\/types\/post"}],"author":[{"embeddable":true,"href":"https:\/\/www.europesays.com\/fr\/wp-json\/wp\/v2\/users\/2"}],"replies":[{"embeddable":true,"href":"https:\/\/www.europesays.com\/fr\/wp-json\/wp\/v2\/comments?post=222593"}],"version-history":[{"count":0,"href":"https:\/\/www.europesays.com\/fr\/wp-json\/wp\/v2\/posts\/222593\/revisions"}],"wp:featuredmedia":[{"embeddable":true,"href":"https:\/\/www.europesays.com\/fr\/wp-json\/wp\/v2\/media\/222594"}],"wp:attachment":[{"href":"https:\/\/www.europesays.com\/fr\/wp-json\/wp\/v2\/media?parent=222593"}],"wp:term":[{"taxonomy":"category","embeddable":true,"href":"https:\/\/www.europesays.com\/fr\/wp-json\/wp\/v2\/categories?post=222593"},{"taxonomy":"post_tag","embeddable":true,"href":"https:\/\/www.europesays.com\/fr\/wp-json\/wp\/v2\/tags?post=222593"}],"curies":[{"name":"wp","href":"https:\/\/api.w.org\/{rel}","templated":true}]}}