{"id":22260,"date":"2025-04-13T13:23:12","date_gmt":"2025-04-13T13:23:12","guid":{"rendered":"https:\/\/www.europesays.com\/fr\/22260\/"},"modified":"2025-04-13T13:23:12","modified_gmt":"2025-04-13T13:23:12","slug":"decouverte-de-la-nouvelle-exposition-du-castelet-a-toulouse","status":"publish","type":"post","link":"https:\/\/www.europesays.com\/fr\/22260\/","title":{"rendered":"d\u00e9couverte de la nouvelle exposition du Castelet \u00e0 Toulouse"},"content":{"rendered":"<p>            Par<br \/>\n        <strong><br \/>\n            <a href=\"https:\/\/actu.fr\/auteur\/lea-afonso\" title=\"Consulter tous les articles de L\u00e9a Afonso\" target=\"_blank\" rel=\"noopener\">L\u00e9a Afonso<\/a><br \/>\n        <\/strong><\/p>\n<p>        Publi\u00e9 le<\/p>\n<p>            13 avr. 2025 \u00e0 9h50        <\/p>\n<p>D\u00e9couvrir le monde et l\u2019art gr\u00e2ce au<strong> tatouage de prison<\/strong>, c\u2019est l\u2019id\u00e9e de la toute nouvelle exposition du <a href=\"https:\/\/actu.fr\/occitanie\/toulouse_31555\/toulouse-l-etat-a-tranche-voici-le-projet-qui-va-voir-le-jour-dans-l-ex-prison-saint-michel_60861715.html\" target=\"_blank\" rel=\"noopener\">Castelet<\/a> \u00e0 <a href=\"https:\/\/actu.fr\/toulouse\/\" target=\"_blank\" rel=\"noopener\">Toulouse<\/a>, nomm\u00e9e<strong> \u00ab\u2009Des murs sur la peau\u2009\u00bb<\/strong>. Fruit d\u2019un partenariat avec l\u2019association La Rutile, qui d\u00e9veloppe l\u2019art du tatouage en prison, elle propose un parcours chronologique au travers le monde du tatouage fran\u00e7ais et international. Immersion.<\/p>\n<p>De la criminologie aux ann\u00e9es 60<\/p>\n<p class=\" wall-content\">Le parcours de visite d\u00e9bute au <strong>19e si\u00e8cle<\/strong>, \u00e9poque durant laquelle le tatouage est stigmatis\u00e9. \u00ab\u2009Dans cette premi\u00e8re partie, on s\u2019int\u00e9resse \u00e0 la perception du tatouage par Lombroso et Alexandre Lacassagne, criminologues italien et fran\u00e7ais de l\u2019\u00e9poque, qui d\u00e9veloppent l\u2019id\u00e9e que <strong>les personnes tatou\u00e9es ont plus de chances d\u2019\u00eatre de potentiels criminels<\/strong>\u2009\u00bb, explique \u00c9meline, m\u00e9diatrice de l\u2019exposition.<\/p>\n<p>      <img   decoding=\"async\" loading=\"lazy\" src=\"https:\/\/www.europesays.com\/fr\/wp-content\/uploads\/2025\/04\/img-1458-960x640.jpg\" alt=\"Des tatouages comme des cartes d'identit\u00e9 des d\u00e9tenues, o\u00f9 les visages n'\u00e9taient pas forc\u00e9ment pris en photo\" width=\"960\" height=\"640\"\/><br \/>\n    Des tatouages comme des cartes d\u2019identit\u00e9 des d\u00e9tenues, o\u00f9 les visages ne sont pas forc\u00e9ment pris en photo (\u00a9L\u00e9a Afonso \/ Actu Toulouse)<\/p>\n<p class=\" wall-content\">\u00ab\u2009C\u2019est une p\u00e9riode o\u00f9 on vient <strong>exhiber certaines personnes, dont les tatou\u00e9s<\/strong>\u2009\u00bb. Plus tard dans le temps, des photos sont prises, de mani\u00e8re tr\u00e8s brute, sans artifices. Au fil des ans, \u00ab\u2009<strong>les tatouages cr\u00e9ent comme des cartes d\u2019identit\u00e9 des d\u00e9tenus<\/strong>, pour que les personnes soient ensuite identifi\u00e9es. On n\u2019essaie pas de faire beau. Bien souvent, les visages ne sont m\u00eame pas pris en photo, on se focalise sur les dessins marqu\u00e9s sur la peau\u2009\u00bb, ajoute la m\u00e9diatrice.<\/p>\n<p>Une deuxi\u00e8me salle \u00ab\u2009punk\u2009\u00bb<br \/>\n      <img   decoding=\"async\" loading=\"lazy\" src=\"https:\/\/www.europesays.com\/fr\/wp-content\/uploads\/2025\/04\/img-1467-960x640.jpg\" alt=\"Une salle punk, qui montre l'influence du tatouage de prison sur l'art \" width=\"960\" height=\"640\"\/><br \/>\n    Une salle punk, qui montre l\u2019influence du tatouage de prison sur l\u2019art (\u00a9L\u00e9a Afonso \/ Actu Toulouse)<\/p>\n<p class=\" wall-content\">D\u00e9conseill\u00e9e aux moins de 12\u00a0ans en raison de ses messages provocateurs, la deuxi\u00e8me salle de l\u2019exposition se concentre sur le travail de <strong>Moolinex<\/strong>, artiste punk des ann\u00e9es 60-70. \u00ab\u2009Ici, on a voulu montrer<strong> comment le tatouage,<\/strong> assimil\u00e9 \u00e0 la prison quelques ann\u00e9es plus t\u00f4t,<strong> peut influencer le monde de l\u2019art contemporain<\/strong>. C\u2019est quelque chose de tr\u00e8s visuel, qui montre une vraie r\u00e9volte\u2009\u00bb, compl\u00e8te Romane, une seconde m\u00e9diatrice de l\u2019exposition.<\/p>\n<p>Vid\u00e9os : en ce moment sur ActuArriv\u00e9e au tatouage international<\/p>\n<p class=\" wall-content\">Si jusque-l\u00e0, on s\u2019est int\u00e9ress\u00e9 au tatouage Fran\u00e7ais, l\u2019exposition se poursuit dans le monde international. Un passage par le<strong> tatouage Russe<\/strong> dans les ann\u00e9es 2000, avec un reportage photo. \u00ab\u2009Les d\u00e9tenus se faisaient tatouer des portraits de <strong>Staline<\/strong>, ou bien des<strong> symboles de l\u2019empire sovi\u00e9tique<\/strong> sur le corps, non pas en adoration ou en v\u0153u d\u2019all\u00e9geance, mais davantage <strong>pour ne pas se faire tirer dessus. <\/strong>On ne pouvait pas \u2018tirer sur le dirigeant\u2019. C\u2019\u00e9tait aussi un moyen de communiquer entre d\u00e9tenus\u2009\u00bb, compl\u00e8te Romane. Des messages qui disent \u00e0 peu de chose pr\u00e8s, l\u2019inverse de ce qu\u2019il para\u00eet.<\/p>\n<p>      <img   decoding=\"async\" loading=\"lazy\" src=\"https:\/\/www.europesays.com\/fr\/wp-content\/uploads\/2025\/04\/img-1469-960x640.jpg\" alt=\"Immersion dans le tatouage russe, o\u00f9 les symboles de l'empire sovi\u00e9tique sont tatou\u00e9s sur la peau des d\u00e9tenues en signe de r\u00e9bellion \" width=\"960\" height=\"640\"\/><br \/>\n    Immersion dans le tatouage russe, o\u00f9 les symboles de l\u2019empire sovi\u00e9tique sont tatou\u00e9s sur la peau des d\u00e9tenues en signe de r\u00e9bellion (\u00a9L\u00e9a Afonso \/ Actu Toulouse)<\/p>\n<p class=\" wall-content\">Passage ensuite par <strong>l\u2019art du tatouage des gangs d\u2019Am\u00e9rique latine et des Yakuzas au Japon<\/strong>. Pays dans lequel \u00e0 l\u2019heure actuelle, les tatouages sont encore tr\u00e8s mal per\u00e7us car \u00ab\u2009assimil\u00e9s \u00e0 la mafia et au monde carc\u00e9ral\u2009\u00bb.<\/p>\n<p>      <img   decoding=\"async\" loading=\"lazy\" src=\"https:\/\/www.europesays.com\/fr\/wp-content\/uploads\/2025\/04\/img-1483-960x640.jpg\" alt=\"L'art du tatouage chez les Yakuzas \" width=\"960\" height=\"640\"\/><br \/>\n    L\u2019art du tatouage chez les Yakuzas (\u00a9L\u00e9a Afonso \/ Actu Toulouse)Du mat\u00e9riel artisanal<\/p>\n<p class=\" wall-content\">Le parcours se termine par une exposition de <strong>dermographes<\/strong> artisanaux\u2009: les machines qui servent \u00e0 tatouer, bien souvent construite de mani\u00e8re <strong>tr\u00e8s artisanale<\/strong> en prison. \u00ab\u2009Les d\u00e9tenus ont toujours utilis\u00e9 ce qu\u2019ils avaient sous la main pour construire les dermographes et trouver de l\u2019encre. Feuilles de bibles br\u00fbl\u00e9es ou poussi\u00e8re de brique pour l\u2019encre, bouchon de bouteille pour r\u00e9servoir d\u2019encre, fil de guitare en tant qu\u2019aiguille\u2026\u2009\u00bb.<\/p>\n<p>      <img   decoding=\"async\" loading=\"lazy\" src=\"https:\/\/www.europesays.com\/fr\/wp-content\/uploads\/2025\/04\/img-1476-960x640.jpg\" alt=\"Du mat\u00e9riel artisanal, de fortune pour tatouer, qui ne respecte pas toujours les conditions d'hygi\u00e8ne \" width=\"960\" height=\"640\"\/><br \/>\n    Du mat\u00e9riel artisanal, de fortune pour tatouer, qui ne respecte pas toujours les conditions d\u2019hygi\u00e8ne (\u00a9L\u00e9a Afonso \/ Actu Toulouse)<\/p>\n<p class=\" wall-content\">Rappelons \u00ab\u2009qu\u2019il a toujours \u00e9t\u00e9 <strong>interdit de se tatouer en prison<\/strong>, et pourtant, les d\u00e9tenus l\u2019ont constamment fait\u2009\u00bb, termine Romane.<\/p>\n<p>Infos pratiques\u2009:<br \/>\nDu mardi au dimanche, de 11\u2009h \u00e0 18\u2009h<br \/>\nAdresse\u2009: 18 bis Grande Rue Saint-Michel<br \/>\nTarif\u2009: 3\u00a0\u20ac<br \/><a href=\"https:\/\/billetterie.monuments.toulouse.fr\/selection\/timeslotpass?productId=10229336944208\" target=\"_blank\" rel=\"noopener\">R\u00e9servation<\/a><\/p>\n<p class=\" wall-content\">Suivez toute l\u2019actualit\u00e9 de vos villes et m\u00e9dias favoris en vous inscrivant \u00e0 <a href=\"https:\/\/moncompte.actu.fr\" title=\"D\u00e9couvez Mon Actu\" rel=\"nofollow noopener\" data-trk=\"{&quot;cta&quot;:{&quot;action&quot;:&quot;https:\\\/\\\/moncompte.actu.fr&quot;,&quot;category&quot;:&quot;mon compte&quot;,&quot;from&quot;:&quot;article footer&quot;,&quot;name&quot;:&quot;Mon actu&quot;,&quot;type&quot;:&quot;cta&quot;}}\" target=\"_blank\">Mon Actu<\/a>.<\/p>\n<ul class=\"ac-article-tag wall-content\">\n<li><a href=\"https:\/\/actu.fr\/tag\/sortir-a-toulouse\" data-trk=\"{&quot;cta&quot;:{&quot;action&quot;:&quot;Sortir \\u00e0 Toulouse&quot;,&quot;category&quot;:&quot;tag&quot;,&quot;from&quot;:&quot;article footer&quot;,&quot;name&quot;:&quot;Sortir \\u00e0 Toulouse&quot;,&quot;type&quot;:&quot;cta&quot;}}\" target=\"_blank\" rel=\"noopener\">#Sortir \u00e0 Toulouse<\/a><\/li>\n<li><a href=\"https:\/\/actu.fr\/tag\/tatouage\" data-trk=\"{&quot;cta&quot;:{&quot;action&quot;:&quot;Tatouage&quot;,&quot;category&quot;:&quot;tag&quot;,&quot;from&quot;:&quot;article footer&quot;,&quot;name&quot;:&quot;Tatouage&quot;,&quot;type&quot;:&quot;cta&quot;}}\" target=\"_blank\" rel=\"noopener\">#Tatouage<\/a><\/li>\n<\/ul>\n","protected":false},"excerpt":{"rendered":"Par L\u00e9a Afonso Publi\u00e9 le 13 avr. 2025 \u00e0 9h50 D\u00e9couvrir le monde et l\u2019art gr\u00e2ce au tatouage&hellip;\n","protected":false},"author":2,"featured_media":22261,"comment_status":"","ping_status":"","sticky":false,"template":"","format":"standard","meta":{"footnotes":""},"categories":[2816],"tags":[1111,11,1777,674,1011,27,1652,12,2680,25,1341,3735,2312],"class_list":{"0":"post-22260","1":"post","2":"type-post","3":"status-publish","4":"format-standard","5":"has-post-thumbnail","7":"category-toulouse","8":"tag-actu","9":"tag-actualites","10":"tag-eu","11":"tag-europe","12":"tag-fr","13":"tag-france","14":"tag-loisirs-culture","15":"tag-news","16":"tag-occitanie","17":"tag-republique-francaise","18":"tag-sortir-a-toulouse","19":"tag-tatouage","20":"tag-toulouse"},"share_on_mastodon":{"url":"https:\/\/pubeurope.com\/@fr\/114330875025880801","error":""},"_links":{"self":[{"href":"https:\/\/www.europesays.com\/fr\/wp-json\/wp\/v2\/posts\/22260","targetHints":{"allow":["GET"]}}],"collection":[{"href":"https:\/\/www.europesays.com\/fr\/wp-json\/wp\/v2\/posts"}],"about":[{"href":"https:\/\/www.europesays.com\/fr\/wp-json\/wp\/v2\/types\/post"}],"author":[{"embeddable":true,"href":"https:\/\/www.europesays.com\/fr\/wp-json\/wp\/v2\/users\/2"}],"replies":[{"embeddable":true,"href":"https:\/\/www.europesays.com\/fr\/wp-json\/wp\/v2\/comments?post=22260"}],"version-history":[{"count":0,"href":"https:\/\/www.europesays.com\/fr\/wp-json\/wp\/v2\/posts\/22260\/revisions"}],"wp:featuredmedia":[{"embeddable":true,"href":"https:\/\/www.europesays.com\/fr\/wp-json\/wp\/v2\/media\/22261"}],"wp:attachment":[{"href":"https:\/\/www.europesays.com\/fr\/wp-json\/wp\/v2\/media?parent=22260"}],"wp:term":[{"taxonomy":"category","embeddable":true,"href":"https:\/\/www.europesays.com\/fr\/wp-json\/wp\/v2\/categories?post=22260"},{"taxonomy":"post_tag","embeddable":true,"href":"https:\/\/www.europesays.com\/fr\/wp-json\/wp\/v2\/tags?post=22260"}],"curies":[{"name":"wp","href":"https:\/\/api.w.org\/{rel}","templated":true}]}}