{"id":222601,"date":"2025-07-03T07:30:09","date_gmt":"2025-07-03T07:30:09","guid":{"rendered":"https:\/\/www.europesays.com\/fr\/222601\/"},"modified":"2025-07-03T07:30:09","modified_gmt":"2025-07-03T07:30:09","slug":"ado-blesse-par-la-foudre-maisons-en-feu-14-000-eclairs-le-bilan-des-orages-violents-en-france-mercredi","status":"publish","type":"post","link":"https:\/\/www.europesays.com\/fr\/222601\/","title":{"rendered":"Ado bless\u00e9 par la foudre, maisons en feu, 14 000 \u00e9clairs\u2026 le bilan des orages violents en France mercredi"},"content":{"rendered":"<p>            Par<br \/>\n        <strong><br \/>\n            <a href=\"https:\/\/actu.fr\/auteur\/martin-leduc\" title=\"Consulter tous les articles de Martin Leduc\" rel=\"nofollow noopener\" target=\"_blank\">Martin Leduc<\/a><br \/>\n        <\/strong><\/p>\n<p>        Publi\u00e9 le<\/p>\n<p>            3 juil. 2025 \u00e0 7h30        <\/p>\n<p>La France \u00e9tait concern\u00e9e par de nombreuses alertes m\u00e9t\u00e9orologiques ce mercredi 2 juillet 2025. Nombre de d\u00e9partements \u00e9taient en vigilance pour un risque (av\u00e9r\u00e9) de canicule et d\u2019orages violents.<\/p>\n<p class=\" wall-content\">Et le bilan est important au r\u00e9veil, ce jeudi 3\u00a0juillet 2025.<\/p>\n<p>Un adolescent bless\u00e9 par la foudre\u2026 Alors qu\u2019il \u00e9tait dans sa maison<\/p>\n<p class=\" wall-content\">\u00c0 commencer par la Mayenne, o\u00f9 un adolescent qui jouait \u00e0 la console chez lui, \u00e0 l\u2019int\u00e9rieur, a \u00e9t\u00e9 \u00e9lectris\u00e9 par un coup de tonnerre. L\u00e9g\u00e8rement bless\u00e9, il a \u00e9t\u00e9 transport\u00e9 \u00e0 l\u2019h\u00f4pital de Laval pour des examens, note <a href=\"https:\/\/www.ouest-france.fr\/meteo\/orage\/on-etait-en-panique-en-mayenne-la-foudre-blesse-un-adolescent-et-provoque-un-depart-de-feu-ecba0452-5745-11f0-8eef-d32bed60e709\" rel=\"nofollow noopener\" target=\"_blank\">Ouest-France<\/a>.<\/p>\n<p class=\" wall-content\">Au total, <a href=\"https:\/\/www.keraunos.org\/actualites\/breves\/2025\/juillet#lightbox-gallery-1\" rel=\"nofollow noopener\" target=\"_blank\">l\u2019observatoire Keraunos a relev\u00e9<\/a> pr\u00e8s de 14\u2009000 \u00e9clairs dans les derni\u00e8res 24\u00a0heures.<\/p>\n<p>Des maisons en feu<\/p>\n<p class=\" wall-content\">La Normandie a \u00e9t\u00e9 particuli\u00e8rement touch\u00e9e par la foudre, avec de nombreuses habitations qui ont pris feu \u00e0 la suite d\u2019un impact de foudre. Comme \u00e0 Vieux, \u00e0 10\u00a0km de Caen, o\u00f9 une maison a \u00e9t\u00e9 touch\u00e9e et o\u00f9 un incendie s\u2019est d\u00e9clar\u00e9, pr\u00e9cise notre r\u00e9daction locale <a href=\"https:\/\/actu.fr\/normandie\/vieux_14747\/orages-la-foudre-tombe-sur-une-maison-la-toiture-prend-feu-pres-de-caen_62854135.html\" rel=\"nofollow noopener\" target=\"_blank\">Libert\u00e9 Le Bonhomme Libre<\/a>.<\/p>\n<p class=\" wall-content\">Dans la Manche, deux maisons ont pris feu, rapporte notre r\u00e9daction locale <a href=\"https:\/\/actu.fr\/normandie\/saint-hilaire-du-harcouet_50484\/orages-deux-maisons-prennent-feu-dans-la-manche_62855571.html\" rel=\"nofollow noopener\" target=\"_blank\">La Gazette de la Manche, d\u2019Ille-et-Vilaine et de Mayenne<\/a>. C\u2019est au carrefour des trois provinces, dans la commune d\u00e9l\u00e9gu\u00e9e de Virey, que les d\u00e9g\u00e2ts ont \u00e9t\u00e9 les plus importants. Fort heureusement, aucune victime n\u2019est \u00e0 d\u00e9plorer.<\/p>\n<p>Vid\u00e9os : en ce moment sur Actu<\/p>\n<p class=\" wall-content\">La foudre a \u00e9galement provoqu\u00e9 un incendie en Seine-Maritime, o\u00f9 la toiture d\u2019une maison a br\u00fbl\u00e9 ce mercredi. L\u2019habitant est \u00e9galement indemne, mais a d\u00fb \u00eatre relog\u00e9, indique notre r\u00e9daction locale <a href=\"https:\/\/actu.fr\/normandie\/epouville_76238\/l-image-la-foudre-frappe-une-maison-pres-du-havre-la-toiture-prend-feu_62855812.html\" rel=\"nofollow noopener\" target=\"_blank\">76actu<\/a>.<\/p>\n<p class=\" wall-content\">Toujours en Seine-Maritime, mais deux heures plus tard, et \u00e0 Buchy, une autre maison a \u00e9t\u00e9 touch\u00e9e par la foudre. Un garage a commenc\u00e9 \u00e0 prendre feu, mais <a href=\"https:\/\/actu.fr\/normandie\/buchy_76146\/la-foudre-tombe-sur-une-maison-a-buchy-et-provoque-un-debut-d-incendie-dans-un-garage_62857077.html\" rel=\"nofollow noopener\" target=\"_blank\">76actu<\/a> n\u2019\u00e9voque aucun bless\u00e9 \u00e0 d\u00e9plorer.<\/p>\n<p>Une nouvelle journ\u00e9e \u00e9lectrique ce jeudi\u2009?<\/p>\n<p class=\" wall-content\">Si la France respire un peu mieux ce jeudi, avec de moins en moins de d\u00e9partements en vigilance canicule, il n\u2019en reste pas moins que <a href=\"https:\/\/actu.fr\/meteo\/encore-des-orages-annonces-ce-jeudi-en-france-voici-la-liste-des-departements-places-en-vigilance_62856700.html\" rel=\"nofollow noopener\" target=\"_blank\">30 d\u00e9partements sont toujours en alerte jaune pour des risques d\u2019orage<\/a>.<\/p>\n<p class=\" wall-content\">Des risques d\u2019averses orageuses jusqu\u2019en plaine du sud-ouest au Massif central sont anticip\u00e9s par les mod\u00e8les m\u00e9t\u00e9o. Sur le quart sud-est du pays au cours de cette journ\u00e9e encore chaude, des pluies orageuses d\u00e9borderont \u00e9galement sur le nord du Languedoc et l\u2019int\u00e9rieur de la r\u00e9gion Provence-Alpes-C\u00f4te d\u2019Azur, anticipe M\u00e9t\u00e9o France.<\/p>\n<p class=\" wall-content\">Suivez toute l\u2019actualit\u00e9 de vos villes et m\u00e9dias favoris en vous inscrivant \u00e0 <a href=\"https:\/\/moncompte.actu.fr\" title=\"D\u00e9couvez Mon Actu\" rel=\"nofollow noopener\" data-trk=\"{&quot;cta&quot;:{&quot;action&quot;:&quot;https:\\\/\\\/moncompte.actu.fr&quot;,&quot;category&quot;:&quot;mon compte&quot;,&quot;from&quot;:&quot;article footer&quot;,&quot;name&quot;:&quot;Mon actu&quot;,&quot;type&quot;:&quot;cta&quot;}}\" target=\"_blank\">Mon Actu<\/a>.<\/p>\n","protected":false},"excerpt":{"rendered":"Par Martin Leduc Publi\u00e9 le 3 juil. 2025 \u00e0 7h30 La France \u00e9tait concern\u00e9e par de nombreuses alertes&hellip;\n","protected":false},"author":2,"featured_media":220927,"comment_status":"","ping_status":"","sticky":false,"template":"","format":"standard","meta":{"footnotes":""},"categories":[2],"tags":[11,1011,27,2357,12,104],"class_list":{"0":"post-222601","1":"post","2":"type-post","3":"status-publish","4":"format-standard","5":"has-post-thumbnail","7":"category-actualites","8":"tag-actualites","9":"tag-fr","10":"tag-france","11":"tag-meteo-france","12":"tag-news","13":"tag-societe"},"share_on_mastodon":{"url":"https:\/\/pubeurope.com\/@fr\/114788133979665489","error":""},"_links":{"self":[{"href":"https:\/\/www.europesays.com\/fr\/wp-json\/wp\/v2\/posts\/222601","targetHints":{"allow":["GET"]}}],"collection":[{"href":"https:\/\/www.europesays.com\/fr\/wp-json\/wp\/v2\/posts"}],"about":[{"href":"https:\/\/www.europesays.com\/fr\/wp-json\/wp\/v2\/types\/post"}],"author":[{"embeddable":true,"href":"https:\/\/www.europesays.com\/fr\/wp-json\/wp\/v2\/users\/2"}],"replies":[{"embeddable":true,"href":"https:\/\/www.europesays.com\/fr\/wp-json\/wp\/v2\/comments?post=222601"}],"version-history":[{"count":0,"href":"https:\/\/www.europesays.com\/fr\/wp-json\/wp\/v2\/posts\/222601\/revisions"}],"wp:featuredmedia":[{"embeddable":true,"href":"https:\/\/www.europesays.com\/fr\/wp-json\/wp\/v2\/media\/220927"}],"wp:attachment":[{"href":"https:\/\/www.europesays.com\/fr\/wp-json\/wp\/v2\/media?parent=222601"}],"wp:term":[{"taxonomy":"category","embeddable":true,"href":"https:\/\/www.europesays.com\/fr\/wp-json\/wp\/v2\/categories?post=222601"},{"taxonomy":"post_tag","embeddable":true,"href":"https:\/\/www.europesays.com\/fr\/wp-json\/wp\/v2\/tags?post=222601"}],"curies":[{"name":"wp","href":"https:\/\/api.w.org\/{rel}","templated":true}]}}