{"id":222604,"date":"2025-07-03T07:32:12","date_gmt":"2025-07-03T07:32:12","guid":{"rendered":"https:\/\/www.europesays.com\/fr\/222604\/"},"modified":"2025-07-03T07:32:12","modified_gmt":"2025-07-03T07:32:12","slug":"parc-francois-mitterrand-exit-le-projet-de-passerelle-place-au-reamenagement","status":"publish","type":"post","link":"https:\/\/www.europesays.com\/fr\/222604\/","title":{"rendered":"Parc Fran\u00e7ois Mitterrand\u00a0: exit le projet de passerelle, place au r\u00e9am\u00e9nagement"},"content":{"rendered":"<p class=\"is-style-chapo\">Une fois les friches totalement d\u00e9molies, six des dix hectares qui composent le parc Fran\u00e7ois Mitterrand vont \u00eatre r\u00e9am\u00e9nag\u00e9s. L\u2019objectif est de donner une identit\u00e9 plus claire \u00e0 cet espace et d\u2019en faire un lieu de destination d\u2019ici d\u00e9but 2027.<\/p>\n<p><img fetchpriority=\"high\" decoding=\"async\" width=\"1024\" height=\"576\" src=\"https:\/\/www.europesays.com\/fr\/wp-content\/uploads\/2025\/07\/IMG_2044-1-1024x576.jpg\" alt=\"Parc Fran\u00e7ois Mitterrand\" class=\"wp-image-79995\"  \/>Lors de la pr\u00e9sentation du projet de r\u00e9am\u00e9nagement le 1er juillet, par Loic Parmentier, architecte urbaniste \u00e0 l\u2019Atelier de Montrottier. \u00a9JT\/ If Saint-Etienne.<\/p>\n<p>\u00ab\u00a0Le parc Fran\u00e7ois Mitterrand a toujours eu beaucoup de mal \u00e0 se trouver une identit\u00e9. Il nous a sembl\u00e9 qu\u2019il fallait r\u00e9organiser les fonctions pour en faire un vrai parc urbain\u00a0\u00bb, a d\u00e9clar\u00e9 Ga\u00ebl Perdriau, maire de Saint-Etienne, lors de la pr\u00e9sentation du projet de r\u00e9am\u00e9nagement le 1er juillet. Difficile en effet pour le <a href=\"https:\/\/www.if-saint-etienne.fr\/breves\/a-saint-etienne-un-nouveau-grand-quartier-voit-le-jour\" target=\"_blank\" rel=\"noreferrer noopener\">parc Fran\u00e7ois Mitterrand<\/a> d\u2019\u00eatre r\u00e9ellement un parc puisqu\u2019il manque cruellement de verdure et de points d\u2019ombrage, particuli\u00e8rement en ce jour de canicule. Puis il y avait le Flore, le Parc expo, la piscine, le site \u00e9v\u00e9nementiel, qui lui ont rapidement conf\u00e9r\u00e9 le r\u00f4le de simple zone de passage.<\/p>\n<p>Avant de d\u00e9tailler la pr\u00e9sentation, le maire a longuement d\u00e9roul\u00e9 ce qui a d\u00e9j\u00e0 \u00e9t\u00e9 fait dans le quartier\u2026 sous son mandat. A savoir la reconstruction du Parc expo en 2021, l\u2019accueil de la future <a href=\"https:\/\/www.if-saint-etienne.fr\/culture-loisirs\/2025-saint-etienne-comme-epicentre-du-design-francais\" target=\"_blank\" rel=\"noreferrer noopener\">Galerie nationale du design<\/a>, dont les travaux s\u2019ach\u00e8vent, l\u2019ancien bowling d\u00e9moli en 2024, ainsi que le Flore, en cours de d\u00e9molition. Cet \u00e9t\u00e9, c\u2019est \u00e9galement le b\u00e2timent des ambulances Davin, sur le boulevard Thiers, qui sera d\u00e9truit.<\/p>\n<p>Sans passerelle<\/p>\n<p>Consult\u00e9s lors de concertations publiques, les habitants avaient pl\u00e9biscit\u00e9 une renaturation du parc, une signal\u00e9tique plus claire et plus efficace, des am\u00e9nagements plus ludiques, la poursuite de l\u2019accueil d\u2019\u00e9v\u00e9nements, une meilleure utilisation de l\u2019existant, ainsi qu\u2019un prolongement de la passerelle au-dessus du boulevard Thiers, pour relier le parc \u00e0 la Cit\u00e9 du design. Ce projet de passerelle avait d\u00e9j\u00e0 \u00e9t\u00e9 \u00e9voqu\u00e9 par Jean-Pierre Berger, 1er adjoint charg\u00e9 de l\u2019urbanisme \u00e0 Saint-Etienne, lors de la pr\u00e9sentation du projet Cit\u00e9 2025, mais a finalement \u00e9t\u00e9 abandonn\u00e9. <\/p>\n<p>\u00ab\u00a0Apr\u00e8s plusieurs \u00e9tudes, il apparaissait qu\u2019il aurait fallu une passerelle de 260 m\u00e8tres de long pour que sa pente puisse \u00eatre accessible aux personnes \u00e0 mobilit\u00e9 r\u00e9duite, pointe Ga\u00ebl Perdriau. Cela aurait \u00e9t\u00e9 tr\u00e8s inesth\u00e9tique, et les prix n\u2019\u00e9taient pas raisonnables. Alors nous allons profiter du r\u00e9am\u00e9nagement du boulevard Jules Janin pour y cr\u00e9er une entr\u00e9e du parc\u00a0\u00bb. Sur les dix hectares, six feront l\u2019objet de r\u00e9am\u00e9nagements. Et cela commence par la rev\u00e9g\u00e9talisation, qui fait partie des propositions retenues pas la Ville.<\/p>\n<blockquote class=\"wp-block-quote is-layout-flow wp-block-quote-is-layout-flow\">\n<blockquote class=\"wp-block-quote is-layout-flow wp-block-quote-is-layout-flow\">\n<blockquote>\n<p>\u00ab\u00a0L\u2019\u00e9poque du tout b\u00e9ton n\u2019est plus \u00bb<\/p>\n<p>Romain Paire, directeur de l\u2019am\u00e9nagement \u00e0 l\u2019Epase.<\/p><\/blockquote>\n<\/blockquote>\n<\/blockquote>\n<p>450 arbres plant\u00e9s<\/p>\n<p>C\u2019est donc en partenariat avec l\u2019Epase (Etablissement public d\u2019am\u00e9nagement de Saint-Etienne), et l\u2019Atelier de Montrottier, le parc devrait sensiblement changer durant les deux ann\u00e9es \u00e0 venir. En effet, 450 arbres y seront plant\u00e9s, ainsi que 350 arbustes, dont 212 plantes grimpantes et 2,5 hectares de pelouse. \u00ab\u00a0L\u2019\u00e9poque du tout b\u00e9ton n\u2019est plus, souligne Romain Paire, directeur de l\u2019am\u00e9nagement \u00e0 <a href=\"https:\/\/www.epase.fr\/\" target=\"_blank\" rel=\"noreferrer noopener\">l\u2019Epase<\/a>. Puis il est maintenant plus question de m\u00e9nager que d\u2019am\u00e9nager. L\u2019id\u00e9e est de faire de ce parc un poumon vert aux portes du centre-ville\u00a0\u00bb. <\/p>\n<p>La pr\u00e9sence v\u00e9g\u00e9tale sera accentu\u00e9e, l\u2019espace \u00e9v\u00e9nementiel repositionn\u00e9 le long du boulevard Jules Janin et des fauches raisonn\u00e9es seront pratiqu\u00e9es. Une seconde entr\u00e9e sera cr\u00e9\u00e9e devant le Fil, \u00e0 la place des ambulances Davin. \u00ab\u00a0Nous allons cr\u00e9er un glacis en pente douce qui permettra d\u2019avoir un effet belv\u00e9d\u00e8re depuis le boulevard Thiers\u00a0\u00bb, explique Loic Parmentier, architecte urbaniste \u00e0 l\u2019Atelier de Montrottier. Puis, l\u2019all\u00e9e Loun\u00e8s-Matoub m\u00e8nera \u00e0 terme \u00e0 une fontaine ludique.<\/p>\n<p>6 millions d\u2019euros<\/p>\n<p>La pr\u00e9sence de l\u2019eau avait en effet \u00e9t\u00e9 sollicit\u00e9e par les habitants. Le c\u0153ur du parc Fran\u00e7ois Mitterrand nouvelle g\u00e9n\u00e9ration se composera d\u2019une pelouse au centre, entour\u00e9e par des clairi\u00e8res. Des espaces de convivialit\u00e9s y seront cr\u00e9\u00e9s comme des tables de pique-nique, des bancs, des hamacs ainsi que des jeux pour enfant et des am\u00e9nagements sportifs comme des balan\u00e7oires, un trampoline, etc.<\/p>\n<p>Au total, l\u2019investissement n\u00e9cessaire pour le r\u00e9am\u00e9nagement du parc est de pr\u00e8s de 6 millions d\u2019euros, et le chantier devrait s\u2019achever d\u00e9but 2027.<\/p>\n","protected":false},"excerpt":{"rendered":"Une fois les friches totalement d\u00e9molies, six des dix hectares qui composent le parc Fran\u00e7ois Mitterrand vont \u00eatre&hellip;\n","protected":false},"author":2,"featured_media":222605,"comment_status":"","ping_status":"","sticky":false,"template":"","format":"standard","meta":{"footnotes":""},"categories":[9653],"tags":[1111,11,2430,1777,674,11536,1011,27,12,36179,25,4001,36180,36181],"class_list":{"0":"post-222604","1":"post","2":"type-post","3":"status-publish","4":"format-standard","5":"has-post-thumbnail","7":"category-saint-etienne","8":"tag-actu","9":"tag-actualites","10":"tag-auvergne-rhone-alpes","11":"tag-eu","12":"tag-europe","13":"tag-evolutif","14":"tag-fr","15":"tag-france","16":"tag-news","17":"tag-parc-francois-mitterrand","18":"tag-republique-francaise","19":"tag-saint-etienne","20":"tag-travaux-boulevard-saint-etienne","21":"tag-travaux-saint-etienne"},"share_on_mastodon":{"url":"https:\/\/pubeurope.com\/@fr\/114788141851551545","error":""},"_links":{"self":[{"href":"https:\/\/www.europesays.com\/fr\/wp-json\/wp\/v2\/posts\/222604","targetHints":{"allow":["GET"]}}],"collection":[{"href":"https:\/\/www.europesays.com\/fr\/wp-json\/wp\/v2\/posts"}],"about":[{"href":"https:\/\/www.europesays.com\/fr\/wp-json\/wp\/v2\/types\/post"}],"author":[{"embeddable":true,"href":"https:\/\/www.europesays.com\/fr\/wp-json\/wp\/v2\/users\/2"}],"replies":[{"embeddable":true,"href":"https:\/\/www.europesays.com\/fr\/wp-json\/wp\/v2\/comments?post=222604"}],"version-history":[{"count":0,"href":"https:\/\/www.europesays.com\/fr\/wp-json\/wp\/v2\/posts\/222604\/revisions"}],"wp:featuredmedia":[{"embeddable":true,"href":"https:\/\/www.europesays.com\/fr\/wp-json\/wp\/v2\/media\/222605"}],"wp:attachment":[{"href":"https:\/\/www.europesays.com\/fr\/wp-json\/wp\/v2\/media?parent=222604"}],"wp:term":[{"taxonomy":"category","embeddable":true,"href":"https:\/\/www.europesays.com\/fr\/wp-json\/wp\/v2\/categories?post=222604"},{"taxonomy":"post_tag","embeddable":true,"href":"https:\/\/www.europesays.com\/fr\/wp-json\/wp\/v2\/tags?post=222604"}],"curies":[{"name":"wp","href":"https:\/\/api.w.org\/{rel}","templated":true}]}}