{"id":222619,"date":"2025-07-03T07:44:09","date_gmt":"2025-07-03T07:44:09","guid":{"rendered":"https:\/\/www.europesays.com\/fr\/222619\/"},"modified":"2025-07-03T07:44:09","modified_gmt":"2025-07-03T07:44:09","slug":"pres-de-rennes-les-ados-unis-ont-celebre-les-10-ans-de-leur-engagement","status":"publish","type":"post","link":"https:\/\/www.europesays.com\/fr\/222619\/","title":{"rendered":"Pr\u00e8s de Rennes, les Ados-Unis ont c\u00e9l\u00e9br\u00e9 les 10\u00a0ans de leur engagement"},"content":{"rendered":"<p>Les jeunes ont pris part \u00e0 plusieurs activit\u00e9s tout au long d\u2019une apr\u00e8s-midi, jeudi 26\u00a0juin 2025, accompagn\u00e9e de musique et de danses. Les produits pr\u00e9sent\u00e9s sur les stands pour se restaurer et se d\u00e9salt\u00e9rer avaient \u00e9t\u00e9 pr\u00e9par\u00e9s par les jeunes membres de l\u2019association.<\/p>\n<p>Ceux-ci \u00e9lisent leurs responsables\u00a0; Math\u00e9o Lepetitcorps-Coquillon en est le nouveau pr\u00e9sident, succ\u00e9dant \u00e0 Jessica Seignoux. Elle rappelait\u00a0: \u00ab\u00a0<strong>Ces \u00e9lections uniquement r\u00e9alis\u00e9es par nous, les jeunes, font que nous nous sentons impliqu\u00e9s et totalement responsables de nos actions.\u00a0\u00bb<\/strong><\/p>\n<p><strong>Un projet \u00e9ducatif<\/strong><\/p>\n<p>\u00ab<strong>\u00a0Le projet de la junior association les Ados-Unis se mat\u00e9rialise \u00e0 travers de nombreux objectifs \u00e9ducatifs\u00a0: d\u00e9velopper l\u2019autonomie, renforcer les relations sociales, \u00e9largir les horizons des jeunes, et leur offrir l\u2019opportunit\u00e9 de s\u2019exprimer et de se valoriser<\/strong>, explique Marjorie Arbousse-Bastice, \u00e9ducatrice technicienne sp\u00e9cialis\u00e9e. <strong>Par exemple, le projet permet \u00e0 certains jeunes, apr\u00e8s leur parcours en IME (institut-m\u00e9dico-\u00e9ducatif), de maintenir des liens et de continuer \u00e0 participer \u00e0 des activit\u00e9s enrichissantes. Il leur donne la possibilit\u00e9 de prendre des initiatives et de se faire conna\u00eetre \u00e0 travers des actions locales concr\u00e8tes.<\/strong>\u00a0\u00bb<\/p>\n<p><strong>Des moments forts tout au long de l\u2019ann\u00e9e<\/strong><\/p>\n<p>Parmi les projets marquants de l\u2019ann\u00e9e, on trouve le voyage \u00e0 Belle-\u00cele-en-Mer dans le cadre des\u00a0rencontres r\u00e9gionales organis\u00e9es par la Ligue de l\u2019enseignement.\u00a0L\u2019association a \u00e9galement \u00e9t\u00e9 tr\u00e8s active avec son m\u00e9dia Radio, offrant aux jeunes la possibilit\u00e9 de s\u2019impliquer dans des interviews \u00e0 distance, donnant ainsi une large port\u00e9e \u00e0 leurs actions \u00e0 l\u2019\u00e9chelle nationale.<\/p>\n<p><strong>L\u2019aide des m\u00e9dias partenaires<\/strong><\/p>\n<p>La c\u00e9l\u00e9bration des dix\u00a0ann\u00e9es d\u2019existence des Ados-Unis a \u00e9galement \u00e9t\u00e9 l\u2019occasion de remercier les partenaires de l\u2019association, comme Radio Laser, qui soutient les jeunes dans leurs activit\u00e9s radiophoniques.<\/p>\n<p>L\u2019accompagnement de Pierre-Louis Dupret, animateur \u00e0 Radio Laser, a \u00e9t\u00e9 tr\u00e8s important dans le d\u00e9veloppement des diff\u00e9rentes activit\u00e9s.<\/p>\n<p>Enfin, la pr\u00e9sence du m\u00e9dia<a href=\"https:\/\/www.jeveuxaider.gouv.fr\/organisations\/20114-lumieres-sur-linfo\" rel=\"nofollow noopener\" target=\"_blank\">\u00a0Lumi\u00e8res sur l\u2019info <\/a>a enrichi l\u2019\u00e9v\u00e9nement avec sa mission d\u2019\u00e9ducation aux m\u00e9dias et \u00e0 l\u2019information.<\/p>\n<p>\u00a0<\/p>\n","protected":false},"excerpt":{"rendered":"Les jeunes ont pris part \u00e0 plusieurs activit\u00e9s tout au long d\u2019une apr\u00e8s-midi, jeudi 26\u00a0juin 2025, accompagn\u00e9e de&hellip;\n","protected":false},"author":2,"featured_media":222620,"comment_status":"","ping_status":"","sticky":false,"template":"","format":"standard","meta":{"footnotes":""},"categories":[2821],"tags":[5481,1111,11,36182,1764,829,3010,24794,1777,674,1011,27,12,3762,3086,584,25],"class_list":{"0":"post-222619","1":"post","2":"type-post","3":"status-publish","4":"format-standard","5":"has-post-thumbnail","7":"category-rennes","8":"tag-5481","9":"tag-actu","10":"tag-actualites","11":"tag-ados-unis","12":"tag-ans","13":"tag-bretagne","14":"tag-celebre","15":"tag-engagement","16":"tag-eu","17":"tag-europe","18":"tag-fr","19":"tag-france","20":"tag-news","21":"tag-pres","22":"tag-redon","23":"tag-rennes","24":"tag-republique-francaise"},"share_on_mastodon":{"url":"https:\/\/pubeurope.com\/@fr\/114788189068768426","error":""},"_links":{"self":[{"href":"https:\/\/www.europesays.com\/fr\/wp-json\/wp\/v2\/posts\/222619","targetHints":{"allow":["GET"]}}],"collection":[{"href":"https:\/\/www.europesays.com\/fr\/wp-json\/wp\/v2\/posts"}],"about":[{"href":"https:\/\/www.europesays.com\/fr\/wp-json\/wp\/v2\/types\/post"}],"author":[{"embeddable":true,"href":"https:\/\/www.europesays.com\/fr\/wp-json\/wp\/v2\/users\/2"}],"replies":[{"embeddable":true,"href":"https:\/\/www.europesays.com\/fr\/wp-json\/wp\/v2\/comments?post=222619"}],"version-history":[{"count":0,"href":"https:\/\/www.europesays.com\/fr\/wp-json\/wp\/v2\/posts\/222619\/revisions"}],"wp:featuredmedia":[{"embeddable":true,"href":"https:\/\/www.europesays.com\/fr\/wp-json\/wp\/v2\/media\/222620"}],"wp:attachment":[{"href":"https:\/\/www.europesays.com\/fr\/wp-json\/wp\/v2\/media?parent=222619"}],"wp:term":[{"taxonomy":"category","embeddable":true,"href":"https:\/\/www.europesays.com\/fr\/wp-json\/wp\/v2\/categories?post=222619"},{"taxonomy":"post_tag","embeddable":true,"href":"https:\/\/www.europesays.com\/fr\/wp-json\/wp\/v2\/tags?post=222619"}],"curies":[{"name":"wp","href":"https:\/\/api.w.org\/{rel}","templated":true}]}}