{"id":222631,"date":"2025-07-03T07:51:28","date_gmt":"2025-07-03T07:51:28","guid":{"rendered":"https:\/\/www.europesays.com\/fr\/222631\/"},"modified":"2025-07-03T07:51:28","modified_gmt":"2025-07-03T07:51:28","slug":"ma-fille-de-15-ans-a-disparu-je-suis-tres-inquiet-deux-mineures-introuvables-a-nantes-le-pere-de-sofia-temoigne","status":"publish","type":"post","link":"https:\/\/www.europesays.com\/fr\/222631\/","title":{"rendered":"\u00ab\u00a0Ma fille de 15 ans a disparu, je suis tr\u00e8s inquiet\u00a0\u00bb: deux mineures introuvables \u00e0 Nantes, le p\u00e8re de Sofia t\u00e9moigne"},"content":{"rendered":"<p>\u00ab\u00a0Je ne sais pas ce qu&rsquo;il s&rsquo;est pass\u00e9 et pourquoi Sofia ne donne plus aucune nouvelle. Je suis tr\u00e8s inquiet depuis sa disparition dans la nuit du 26 juin dernier\u00a0\u00bb.<\/p>\n<p>Sylvain, le p\u00e8re de Sofia, \u00e2g\u00e9e de 15 ans, est dans l&rsquo;incompr\u00e9hension et dans la plus grande inqui\u00e9tude depuis la disparition de sa fille. Depuis une semaine, l&rsquo;adolescente est partie, en pleine nuit, sans emporter ni v\u00eatement ni argent, du domicile de sa m\u00e8re dans la r\u00e9gion de Nantes.\u00a0<\/p>\n<p>\u00ab\u00a0Elle ne laisserait jamais son amie seule\u00a0\u00bb<\/p>\n<p>\u00ab\u00a0Elle est partie avec sa copine Djouliana qui a 16 ans. Elle m&rsquo;avait d\u00e9j\u00e0 dit, quelques jours auparavant, par message, en parlant de sa copine qui avait manqu\u00e9 son train [elle vit \u00e0 50 km de distance du domicile de Sofia] qu&rsquo;elle ne laisserait jamais son amie seule\u00a0\u00bb, explique ce p\u00e8re d\u00e9sempar\u00e9 en d\u00e9placement professionnel dans le sud-ouest et de retour, ce mardi, sur Nantes.\u00a0<\/p>\n<p>\u00a0\u00bb Je me souviens de nos derniers \u00e9changes. Je lui ai dit de faire attention \u00e0 elle. Je n&rsquo;ai pas vu de signaux faibles dans sa fa\u00e7on d&rsquo;\u00eatre. Nous sommes s\u00e9par\u00e9s avec sa maman depuis une dizaine d&rsquo;ann\u00e9es et je suis en bons termes avec Sofia. Elle n&rsquo;a jamais fugu\u00e9 auparavant. O\u00f9 est-elle avec Djouliana? Elles n&rsquo;ont que 15 et 16 ans!\u00a0\u00bb.\u00a0<\/p>\n<p>Selon des informations qu&rsquo;il a pu recueillir, le t\u00e9l\u00e9phone de sa fille indiquerait qu&rsquo;elle aurait \u00e9t\u00e9 pr\u00e9sente \u00e0 Saint-Herblain jeudi, dans un secteur r\u00e9put\u00e9 pour de nombreux trafics de stup\u00e9fiants. \u00ab\u00a0Sa derni\u00e8re connexion sur WhatsApp remonte \u00e0 la nuit de jeudi \u00e0 vendredi, \u00e0 2h20. Depuis, plus rien. Est-elle en mauvaise compagnie? Que lui est-il arriv\u00e9e?\u00a0\u00bb, interroge-t-il.<\/p>\n<p>Dans un quartier r\u00e9put\u00e9 pour le trafic de stups <\/p>\n<p>Avant que le procureur de la R\u00e9publique de Nantes n&rsquo;ouvre une enqu\u00eate pour \u00ab\u00a0disparition inqui\u00e9tante\u00a0\u00bb ce mardi 1er juillet 2025, les investigations ont t\u00e2tonn\u00e9. \u00ab\u00a0Ma fille est partie du logement de sa m\u00e8re dans la nuit du mercredi 25 au jeudi 26 juin. Jeudi, en fin de matin\u00e9e, sa m\u00e8re a alert\u00e9 la police. Ils ont consid\u00e9r\u00e9 que c&rsquo;\u00e9tait une fugue. Une patrouille a \u00e9t\u00e9 envoy\u00e9e le lendemain dans un quartier r\u00e9put\u00e9 pour le trafic de stups o\u00f9 elle aurait pu se trouver. Sans r\u00e9sultat\u00a0\u00bb.\u00a0<\/p>\n<p>Les deux ados seraient all\u00e9s en bo\u00eete, dans un bowling. Selon Sylvain, le p\u00e8re de Sofia, sur les cam\u00e9ras de surveillance, il n&rsquo;y a aucune pr\u00e9sence de Sofia ou de son amie.<\/p>\n<p>\u00ab\u00a0Je ne pouvais pas rester sans rien faire et entendre simplement parler de fugue\u00a0\u00bb. Elles restent \u00e0 15 et 16 ans des jeunes filles fragiles et manipulables. \u00ab\u00a0La moindre information est importante pour les retrouver et savoir qu&rsquo;elles sont en s\u00e9curit\u00e9\u00a0\u00bb.\u00a0<\/p>\n<p>\u00ab\u00a0Elle ne s&rsquo;est pas pr\u00e9sent\u00e9e \u00e0 l&rsquo;\u00e9preuve du brevet\u00a0\u00bb<\/p>\n<p>Dans un courriel adress\u00e9 ce lundi au procureur de la R\u00e9publique de Nantes, Antoine Leroy, le p\u00e8re de famille a fait part de son ressenti. \u00ab\u00a0Ce sont des mineures de 15 et 16 ans. Elles sont toutes les deux scolaris\u00e9es en internat qui avait ferm\u00e9 ses portes du lundi au mercredi. Le retour dans cet \u00e9tablissement \u00e9tait pr\u00e9vu le jeudi. Djouliana ne s&rsquo;est pas pr\u00e9sent\u00e9e ce jeudi pour l&rsquo;\u00e9preuve du brevet. Elles sont dans la nature sans v\u00eatement de rechange ni d&rsquo;argent depuis une semaine\u00a0\u00bb.\u00a0<\/p>\n<p>Ont-elles fait de mauvaises rencontres. Sont-elles accompagn\u00e9es par des personnes peu fr\u00e9quentables? Les questions s&rsquo;accumulent. \u00ab\u00a0Djouliana avait \u00e9t\u00e9 priv\u00e9e de son t\u00e9l\u00e9phone mobile: comment ont-elles fait pour se retrouver et partir, visiblement, ensemble en pleine nuit?\u00a0\u00bb.<\/p>\n<p>Le procureur de la R\u00e9publique ouvre une enqu\u00eate<\/p>\n<p>La surveillance par les parents des t\u00e9l\u00e9phones, les informations trouv\u00e9es sur des cam\u00e9ras de t\u00e9l\u00e9surveillance et diff\u00e9rentes pistes pouvant laisser pr\u00e9sager que les deux adolescentes pourraient \u00eatre en danger, ont conduit le repr\u00e9sentant du parquet \u00e0 changer le cadre proc\u00e9durale. Une enqu\u00eate pour disparition inqui\u00e9tante est d\u00e9sormais ouverte depuis le 1er juillet.\u00a0<\/p>\n<p><strong>Si vous apercevez Sofia ou Djouliana, veuillez contacter imm\u00e9diatement les services\u00a0de police en composant le 17.<\/strong><\/p>\n","protected":false},"excerpt":{"rendered":"\u00ab\u00a0Je ne sais pas ce qu&rsquo;il s&rsquo;est pass\u00e9 et pourquoi Sofia ne donne plus aucune nouvelle. Je suis&hellip;\n","protected":false},"author":2,"featured_media":222632,"comment_status":"","ping_status":"","sticky":false,"template":"","format":"standard","meta":{"footnotes":""},"categories":[2818],"tags":[1111,11,1777,674,118,1011,27,303,766,12,2636,25],"class_list":{"0":"post-222631","1":"post","2":"type-post","3":"status-publish","4":"format-standard","5":"has-post-thumbnail","7":"category-nantes","8":"tag-actu","9":"tag-actualites","10":"tag-eu","11":"tag-europe","12":"tag-faits-divers","13":"tag-fr","14":"tag-france","15":"tag-justice","16":"tag-nantes","17":"tag-news","18":"tag-pays-de-la-loire","19":"tag-republique-francaise"},"share_on_mastodon":{"url":"https:\/\/pubeurope.com\/@fr\/114788216561974378","error":""},"_links":{"self":[{"href":"https:\/\/www.europesays.com\/fr\/wp-json\/wp\/v2\/posts\/222631","targetHints":{"allow":["GET"]}}],"collection":[{"href":"https:\/\/www.europesays.com\/fr\/wp-json\/wp\/v2\/posts"}],"about":[{"href":"https:\/\/www.europesays.com\/fr\/wp-json\/wp\/v2\/types\/post"}],"author":[{"embeddable":true,"href":"https:\/\/www.europesays.com\/fr\/wp-json\/wp\/v2\/users\/2"}],"replies":[{"embeddable":true,"href":"https:\/\/www.europesays.com\/fr\/wp-json\/wp\/v2\/comments?post=222631"}],"version-history":[{"count":0,"href":"https:\/\/www.europesays.com\/fr\/wp-json\/wp\/v2\/posts\/222631\/revisions"}],"wp:featuredmedia":[{"embeddable":true,"href":"https:\/\/www.europesays.com\/fr\/wp-json\/wp\/v2\/media\/222632"}],"wp:attachment":[{"href":"https:\/\/www.europesays.com\/fr\/wp-json\/wp\/v2\/media?parent=222631"}],"wp:term":[{"taxonomy":"category","embeddable":true,"href":"https:\/\/www.europesays.com\/fr\/wp-json\/wp\/v2\/categories?post=222631"},{"taxonomy":"post_tag","embeddable":true,"href":"https:\/\/www.europesays.com\/fr\/wp-json\/wp\/v2\/tags?post=222631"}],"curies":[{"name":"wp","href":"https:\/\/api.w.org\/{rel}","templated":true}]}}