{"id":222641,"date":"2025-07-03T07:56:11","date_gmt":"2025-07-03T07:56:11","guid":{"rendered":"https:\/\/www.europesays.com\/fr\/222641\/"},"modified":"2025-07-03T07:56:11","modified_gmt":"2025-07-03T07:56:11","slug":"au-tour-des-apprentis-roubaix-accueille-la-derniere-etape-du-tour-ce-jeudi","status":"publish","type":"post","link":"https:\/\/www.europesays.com\/fr\/222641\/","title":{"rendered":"Au Tour des Apprentis : Roubaix accueille la derni\u00e8re \u00e9tape du Tour ce jeudi"},"content":{"rendered":"<p class=\"introduction\">Ce jeudi 3 juillet 2025, de 13h30 \u00e0 16h30, la Grand\u2019Place de Roubaix se transforme en v\u00e9ritable terrain d\u2019entra\u00eenement pour les jeunes en qu\u00eate d\u2019une alternance. L\u2019ANAF \u2013 l\u2019Association des Apprentis de France \u2013 fait halte dans notre ville pour la derni\u00e8re \u00e9tape du Tour des Apprentis 2025, en collaboration avec la Mission Locale et la Ville de Roubaix.<\/p>\n<p data-start=\"1033\" data-end=\"1446\">Objectif ? <strong data-start=\"1044\" data-end=\"1122\">Transmettre les cl\u00e9s essentielles pour r\u00e9ussir son entr\u00e9e en apprentissage<\/strong> et s\u2019int\u00e9grer dans son futur environnement professionnel. Pendant tout l\u2019apr\u00e8s-midi, les jeunes pourront profiter gratuitement d\u2019ateliers pour :<br data-start=\"1267\" data-end=\"1270\"\/>\u2714\ufe0f Booster leur CV et leurs lettres de motivation<br data-start=\"1319\" data-end=\"1322\"\/>\u2714\ufe0f Identifier et valoriser leurs atouts<br data-start=\"1361\" data-end=\"1364\"\/>\u2714\ufe0f Cibler les entreprises qui recrutent<br data-start=\"1403\" data-end=\"1406\"\/>\u2714\ufe0f Se pr\u00e9parer aux entretiens d\u2019embauche<\/p>\n<p data-start=\"1448\" data-end=\"1600\">Une occasion \u00e0 ne pas manquer pour celles et ceux qui souhaitent <strong data-start=\"1513\" data-end=\"1555\">mettre toutes les chances de leur c\u00f4t\u00e9<\/strong> pour d\u00e9crocher une alternance \u00e0 la rentr\u00e9e !<\/p>\n<p data-start=\"1602\" data-end=\"1735\">\ud83d\udccd <strong data-start=\"1605\" data-end=\"1631\">Grand\u2019Place de Roubaix<\/strong><br data-start=\"1631\" data-end=\"1634\"\/>\ud83d\udcc5 <strong data-start=\"1637\" data-end=\"1679\">Jeudi 3 juillet 2025, de 13h30 \u00e0 16h30<\/strong><br data-start=\"1679\" data-end=\"1682\"\/>\ud83c\udf9f\ufe0f <strong data-start=\"1686\" data-end=\"1735\">\u00c9v\u00e9nement gratuit et ouvert \u00e0 tous les jeunes<\/strong><\/p>\n","protected":false},"excerpt":{"rendered":"Ce jeudi 3 juillet 2025, de 13h30 \u00e0 16h30, la Grand\u2019Place de Roubaix se transforme en v\u00e9ritable terrain&hellip;\n","protected":false},"author":2,"featured_media":222642,"comment_status":"","ping_status":"","sticky":false,"template":"","format":"standard","meta":{"footnotes":""},"categories":[2815],"tags":[1111,11,9581,341,1777,674,1011,27,811,1307,36183,12,25],"class_list":{"0":"post-222641","1":"post","2":"type-post","3":"status-publish","4":"format-standard","5":"has-post-thumbnail","7":"category-lille","8":"tag-actu","9":"tag-actualites","10":"tag-apprentissage","11":"tag-emploi","12":"tag-eu","13":"tag-europe","14":"tag-fr","15":"tag-france","16":"tag-hauts-de-france","17":"tag-lille","18":"tag-misison-locale","19":"tag-news","20":"tag-republique-francaise"},"share_on_mastodon":{"url":"https:\/\/pubeurope.com\/@fr\/114788236378730460","error":""},"_links":{"self":[{"href":"https:\/\/www.europesays.com\/fr\/wp-json\/wp\/v2\/posts\/222641","targetHints":{"allow":["GET"]}}],"collection":[{"href":"https:\/\/www.europesays.com\/fr\/wp-json\/wp\/v2\/posts"}],"about":[{"href":"https:\/\/www.europesays.com\/fr\/wp-json\/wp\/v2\/types\/post"}],"author":[{"embeddable":true,"href":"https:\/\/www.europesays.com\/fr\/wp-json\/wp\/v2\/users\/2"}],"replies":[{"embeddable":true,"href":"https:\/\/www.europesays.com\/fr\/wp-json\/wp\/v2\/comments?post=222641"}],"version-history":[{"count":0,"href":"https:\/\/www.europesays.com\/fr\/wp-json\/wp\/v2\/posts\/222641\/revisions"}],"wp:featuredmedia":[{"embeddable":true,"href":"https:\/\/www.europesays.com\/fr\/wp-json\/wp\/v2\/media\/222642"}],"wp:attachment":[{"href":"https:\/\/www.europesays.com\/fr\/wp-json\/wp\/v2\/media?parent=222641"}],"wp:term":[{"taxonomy":"category","embeddable":true,"href":"https:\/\/www.europesays.com\/fr\/wp-json\/wp\/v2\/categories?post=222641"},{"taxonomy":"post_tag","embeddable":true,"href":"https:\/\/www.europesays.com\/fr\/wp-json\/wp\/v2\/tags?post=222641"}],"curies":[{"name":"wp","href":"https:\/\/api.w.org\/{rel}","templated":true}]}}