{"id":222648,"date":"2025-07-03T08:00:08","date_gmt":"2025-07-03T08:00:08","guid":{"rendered":"https:\/\/www.europesays.com\/fr\/222648\/"},"modified":"2025-07-03T08:00:08","modified_gmt":"2025-07-03T08:00:08","slug":"le-plus-dur-est-passe-mais","status":"publish","type":"post","link":"https:\/\/www.europesays.com\/fr\/222648\/","title":{"rendered":"le plus dur est pass\u00e9 mais\u2026"},"content":{"rendered":"<p itemprop=\"description\"><strong>On respire un peu ce jeudi matin.<\/strong><\/p>\n<p>La canicule n\u2019a pas encore dit son dernier mot. M\u00e9t\u00e9o France maintient ce jeudi 17 d\u00e9partements en vigilance orange. C\u2019est le cas du Rh\u00f4ne o\u00f9 un pic de chaleur a \u00e9t\u00e9 enregistr\u00e9 ce mercredi avec 39,1\u00b0C enregistr\u00e9s \u00e0 la station ENS Lyon dans le 7e arrondissement ou encore 37,9\u00b0C du c\u00f4t\u00e9 de l\u2019a\u00e9roport de Bron.<\/p>\n<p>Les orages de mercredi soir ont partiellement rafra\u00eechi l\u2019ambiance mais le mercure restera encore \u00e9lev\u00e9. On attend ce jeudi un maximum de 32\u00b0C. Cette temp\u00e9rature restera la m\u00eame jusqu\u2019\u00e0 samedi avec des nuits encore bien chaudes pour la saison. Une am\u00e9lioration est attendue d\u00e8s dimanche avec un thermom\u00e8tre qui repassera en dessous de la barre des 30\u00b0C. Il fera par exemple jusqu\u2019\u00e0 25\u00b0C en d\u00e9but de semaine prochaine.\u00a0<\/p>\n<p>Il faudra en profiter puisqu\u2019une nouvelle vague de chaleur est d\u00e9j\u00e0 annonc\u00e9e pour le week-end du 14 juillet.<\/p>\n<blockquote class=\"twitter-tweet\"><p>&#13;<\/p>\n<p dir=\"ltr\" lang=\"fr\">Ce mercredi \u00e9tait la journ\u00e9e la plus chaude de la canicule ! Les temp\u00e9ratures baisseront \u00e0 partir de demain tout en restant tr\u00e8s chaudes jusqu&rsquo;\u00e0 samedi. Cela ne sera pas suffisant pour rafraichir les habitations. Il faudra attendre dimanche avant que la situation ne s&rsquo;am\u00e9liore. <a href=\"https:\/\/t.co\/F0dPhzQJOB\">pic.twitter.com\/F0dPhzQJOB<\/a><\/p>\n<p>&#13;<br \/>\n\u2014 Lyon M\u00e9t\u00e9o (@LyonMeteo69) <a href=\"https:\/\/twitter.com\/LyonMeteo69\/status\/1940445094475366855?ref_src=twsrc%5Etfw\" target=\"_blank\" rel=\"noopener\">July 2, 2025<\/a><\/p><\/blockquote>\n<p>\t\t  <script async src=\"https:\/\/platform.twitter.com\/widgets.js\" charset=\"utf-8\"><\/script><\/p>\n","protected":false},"excerpt":{"rendered":"On respire un peu ce jeudi matin. La canicule n\u2019a pas encore dit son dernier mot. M\u00e9t\u00e9o France&hellip;\n","protected":false},"author":2,"featured_media":222649,"comment_status":"","ping_status":"","sticky":false,"template":"","format":"standard","meta":{"footnotes":""},"categories":[1889],"tags":[1111,11,2813,2190,2430,1109,251,1112,2811,1777,674,118,1011,27,1922,1110,1114,2428,2810,12,241,316,25,2812,517,800],"class_list":{"0":"post-222648","1":"post","2":"type-post","3":"status-publish","4":"format-standard","5":"has-post-thumbnail","7":"category-lyon","8":"tag-actu","9":"tag-actualites","10":"tag-article","11":"tag-asvel","12":"tag-auvergne-rhone-alpes","13":"tag-breves","14":"tag-culture","15":"tag-depeches","16":"tag-economique","17":"tag-eu","18":"tag-europe","19":"tag-faits-divers","20":"tag-fr","21":"tag-france","22":"tag-info","23":"tag-informations","24":"tag-infos","25":"tag-lyon","26":"tag-lyonmag","27":"tag-news","28":"tag-ol","29":"tag-politique","30":"tag-republique-francaise","31":"tag-sociale","32":"tag-sport","33":"tag-transports"},"share_on_mastodon":{"url":"https:\/\/pubeurope.com\/@fr\/114788251992767203","error":""},"_links":{"self":[{"href":"https:\/\/www.europesays.com\/fr\/wp-json\/wp\/v2\/posts\/222648","targetHints":{"allow":["GET"]}}],"collection":[{"href":"https:\/\/www.europesays.com\/fr\/wp-json\/wp\/v2\/posts"}],"about":[{"href":"https:\/\/www.europesays.com\/fr\/wp-json\/wp\/v2\/types\/post"}],"author":[{"embeddable":true,"href":"https:\/\/www.europesays.com\/fr\/wp-json\/wp\/v2\/users\/2"}],"replies":[{"embeddable":true,"href":"https:\/\/www.europesays.com\/fr\/wp-json\/wp\/v2\/comments?post=222648"}],"version-history":[{"count":0,"href":"https:\/\/www.europesays.com\/fr\/wp-json\/wp\/v2\/posts\/222648\/revisions"}],"wp:featuredmedia":[{"embeddable":true,"href":"https:\/\/www.europesays.com\/fr\/wp-json\/wp\/v2\/media\/222649"}],"wp:attachment":[{"href":"https:\/\/www.europesays.com\/fr\/wp-json\/wp\/v2\/media?parent=222648"}],"wp:term":[{"taxonomy":"category","embeddable":true,"href":"https:\/\/www.europesays.com\/fr\/wp-json\/wp\/v2\/categories?post=222648"},{"taxonomy":"post_tag","embeddable":true,"href":"https:\/\/www.europesays.com\/fr\/wp-json\/wp\/v2\/tags?post=222648"}],"curies":[{"name":"wp","href":"https:\/\/api.w.org\/{rel}","templated":true}]}}