{"id":222650,"date":"2025-07-03T08:01:13","date_gmt":"2025-07-03T08:01:13","guid":{"rendered":"https:\/\/www.europesays.com\/fr\/222650\/"},"modified":"2025-07-03T08:01:13","modified_gmt":"2025-07-03T08:01:13","slug":"80-logements-prives-delectricite-a-sainte-foy-les-lyon","status":"publish","type":"post","link":"https:\/\/www.europesays.com\/fr\/222650\/","title":{"rendered":"80 logements priv\u00e9s d&rsquo;\u00e9lectricit\u00e9 \u00e0 Sainte-Foy-l\u00e8s-Lyon"},"content":{"rendered":"<p>Parmi les nombreux arbres tomb\u00e9s mercredi soir pendant l&rsquo;orage qui a travers\u00e9 Lyon et le d\u00e9partement du Rh\u00f4ne, l&rsquo;un d&rsquo;entre eux a fait plus de d\u00e9g\u00e2ts que les autres.<\/p>\n<p>Cet arbre s&rsquo;est en effet effondr\u00e9 sur une ligne \u00e9lectrique dans la commune de Sainte-Foy-l\u00e8s-Lyon, chemin de Chantegrillet, dans le quartier de la Plaine, aux environs de 21\u00a0h\u00a030.<\/p>\n<p>Ce contenu est bloqu\u00e9 car vous n&rsquo;avez pas accept\u00e9 les cookies et autres traceurs.<\/p>\n<p>En cliquant sur \u00ab J\u2019accepte \u00bb, les cookies et autres traceurs seront d\u00e9pos\u00e9s et vous pourrez visualiser les contenus  (<a href=\"\" class=\"consentModule_policy\" target=\"_blank\" title=\"Consulter la politique de protection des donn\u00e9es du fournisseur\">plus d&rsquo;informations<\/a>).<\/p>\n<p>En cliquant sur \u00ab J\u2019accepte tous les cookies \u00bb, vous autorisez des d\u00e9p\u00f4ts de cookies et autres traceurs pour le stockage de vos donn\u00e9es sur nos sites et applications \u00e0 des fins de personnalisation et de ciblage publicitaire.<\/p>\n<p class=\"consentModule_secondaryText\">Vous gardez la possibilit\u00e9 de retirer votre consentement \u00e0 tout moment en consultant notre <a href=\"https:\/\/www.leprogres.fr\/protection-des-donnees\" target=\"_blank\" title=\"Consulter notre politique de protection des donn\u00e9es\" rel=\"nofollow noopener\">politique de protection des donn\u00e9es<\/a>. <br \/>&#13;<br \/>\n            <a href=\"https:\/\/www.leprogres.fr\/faits-divers-justice\/2025\/07\/03\/javascript:Didomi.notice.show()\" class=\"consentModule_cmp\" rel=\"nofollow noopener\" target=\"_blank\">G\u00e9rer mes choix<\/a>&#13;\n        <\/p>\n<p>&#13;<br \/>\n                        J&rsquo;accepte&#13;<br \/>\n            J&rsquo;accepte tous les cookies&#13;\n        <\/p>\n<p>  Retour \u00e0 la normale ce soir\u00a0?<\/p>\n<p>79 logements \u00e9taient alors priv\u00e9s d&rsquo;\u00e9lectricit\u00e9. C&rsquo;est encore le cas ce jeudi matin.<\/p>\n<p>Contact\u00e9s, les services d&rsquo;Enedis indiquent avoir envoy\u00e9, t\u00f4t ce matin, une \u00e9quipe pour d\u00e9gager l&rsquo;arbre, \u00e0 l&rsquo;aide d&rsquo;une tron\u00e7onneuse et de plusieurs \u00e9lagueurs.<\/p>\n<p>Viendra ensuite la phase de r\u00e9paration du r\u00e9seau. Une op\u00e9ration qui peut prendre du temps, Enedis esp\u00e8re pouvoir remettre le courant d&rsquo;ici \u00e0 ce soir, sans pouvoir le garantir.<\/p>\n","protected":false},"excerpt":{"rendered":"Parmi les nombreux arbres tomb\u00e9s mercredi soir pendant l&rsquo;orage qui a travers\u00e9 Lyon et le d\u00e9partement du Rh\u00f4ne,&hellip;\n","protected":false},"author":2,"featured_media":222651,"comment_status":"","ping_status":"","sticky":false,"template":"","format":"standard","meta":{"footnotes":""},"categories":[1889],"tags":[1111,11,2430,3154,1777,674,274,107,1011,27,2428,8423,12,25,2429,15673],"class_list":{"0":"post-222650","1":"post","2":"type-post","3":"status-publish","4":"format-standard","5":"has-post-thumbnail","7":"category-lyon","8":"tag-actu","9":"tag-actualites","10":"tag-auvergne-rhone-alpes","11":"tag-edition-sud-lyonnais","12":"tag-eu","13":"tag-europe","14":"tag-faits-divers-justice","15":"tag-fil-info","16":"tag-fr","17":"tag-france","18":"tag-lyon","19":"tag-meteorologie-climat","20":"tag-news","21":"tag-republique-francaise","22":"tag-rhone","23":"tag-sainte-foy-les-lyon"},"share_on_mastodon":{"url":"https:\/\/pubeurope.com\/@fr\/114788255922070868","error":""},"_links":{"self":[{"href":"https:\/\/www.europesays.com\/fr\/wp-json\/wp\/v2\/posts\/222650","targetHints":{"allow":["GET"]}}],"collection":[{"href":"https:\/\/www.europesays.com\/fr\/wp-json\/wp\/v2\/posts"}],"about":[{"href":"https:\/\/www.europesays.com\/fr\/wp-json\/wp\/v2\/types\/post"}],"author":[{"embeddable":true,"href":"https:\/\/www.europesays.com\/fr\/wp-json\/wp\/v2\/users\/2"}],"replies":[{"embeddable":true,"href":"https:\/\/www.europesays.com\/fr\/wp-json\/wp\/v2\/comments?post=222650"}],"version-history":[{"count":0,"href":"https:\/\/www.europesays.com\/fr\/wp-json\/wp\/v2\/posts\/222650\/revisions"}],"wp:featuredmedia":[{"embeddable":true,"href":"https:\/\/www.europesays.com\/fr\/wp-json\/wp\/v2\/media\/222651"}],"wp:attachment":[{"href":"https:\/\/www.europesays.com\/fr\/wp-json\/wp\/v2\/media?parent=222650"}],"wp:term":[{"taxonomy":"category","embeddable":true,"href":"https:\/\/www.europesays.com\/fr\/wp-json\/wp\/v2\/categories?post=222650"},{"taxonomy":"post_tag","embeddable":true,"href":"https:\/\/www.europesays.com\/fr\/wp-json\/wp\/v2\/tags?post=222650"}],"curies":[{"name":"wp","href":"https:\/\/api.w.org\/{rel}","templated":true}]}}