{"id":222662,"date":"2025-07-03T08:08:10","date_gmt":"2025-07-03T08:08:10","guid":{"rendered":"https:\/\/www.europesays.com\/fr\/222662\/"},"modified":"2025-07-03T08:08:10","modified_gmt":"2025-07-03T08:08:10","slug":"le-danemark-met-en-place-le-service-militaire-obligatoire-pour-les-femmes-sur-fond-de-conflit-avec-la-russie-et-de-tensions-avec-lallie-americain-au-groenland","status":"publish","type":"post","link":"https:\/\/www.europesays.com\/fr\/222662\/","title":{"rendered":"Le Danemark met en place le service militaire obligatoire pour les femmes sur fond de conflit avec la Russie et de tensions avec l&rsquo;alli\u00e9 am\u00e9ricain au Gro\u00ebnland"},"content":{"rendered":"<p>Prudence nationale<\/p>\n<p>Le Danemark a annonc\u00e9 une r\u00e9forme majeure de son service militaire : \u00e0 partir de juillet 2025, les femmes seront soumises aux m\u00eames obligations que les hommes en mati\u00e8re de conscription. Cette d\u00e9cision, prise dans un contexte de tensions accrues avec la Russie, marque une inflexion forte de la politique de d\u00e9fense du pays, mais aussi un tournant soci\u00e9tal, en affichant une volont\u00e9 assum\u00e9e d\u2019\u00e9galit\u00e9 entre les sexes.<\/p>\n","protected":false},"excerpt":{"rendered":"Prudence nationale Le Danemark a annonc\u00e9 une r\u00e9forme majeure de son service militaire : \u00e0 partir de juillet&hellip;\n","protected":false},"author":2,"featured_media":222663,"comment_status":"","ping_status":"","sticky":false,"template":"","format":"standard","meta":{"footnotes":""},"categories":[1591],"tags":[11,1813,145,1887,12,1885,1886,132,36184],"class_list":{"0":"post-222662","1":"post","2":"type-post","3":"status-publish","4":"format-standard","5":"has-post-thumbnail","7":"category-russie","8":"tag-actualites","9":"tag-armee","10":"tag-danemark","11":"tag-federation-de-russie","12":"tag-news","13":"tag-russia","14":"tag-russian-federation","15":"tag-russie","16":"tag-service-militaire-obligatoire"},"share_on_mastodon":{"url":"https:\/\/pubeurope.com\/@fr\/114788283441056442","error":""},"_links":{"self":[{"href":"https:\/\/www.europesays.com\/fr\/wp-json\/wp\/v2\/posts\/222662","targetHints":{"allow":["GET"]}}],"collection":[{"href":"https:\/\/www.europesays.com\/fr\/wp-json\/wp\/v2\/posts"}],"about":[{"href":"https:\/\/www.europesays.com\/fr\/wp-json\/wp\/v2\/types\/post"}],"author":[{"embeddable":true,"href":"https:\/\/www.europesays.com\/fr\/wp-json\/wp\/v2\/users\/2"}],"replies":[{"embeddable":true,"href":"https:\/\/www.europesays.com\/fr\/wp-json\/wp\/v2\/comments?post=222662"}],"version-history":[{"count":0,"href":"https:\/\/www.europesays.com\/fr\/wp-json\/wp\/v2\/posts\/222662\/revisions"}],"wp:featuredmedia":[{"embeddable":true,"href":"https:\/\/www.europesays.com\/fr\/wp-json\/wp\/v2\/media\/222663"}],"wp:attachment":[{"href":"https:\/\/www.europesays.com\/fr\/wp-json\/wp\/v2\/media?parent=222662"}],"wp:term":[{"taxonomy":"category","embeddable":true,"href":"https:\/\/www.europesays.com\/fr\/wp-json\/wp\/v2\/categories?post=222662"},{"taxonomy":"post_tag","embeddable":true,"href":"https:\/\/www.europesays.com\/fr\/wp-json\/wp\/v2\/tags?post=222662"}],"curies":[{"name":"wp","href":"https:\/\/api.w.org\/{rel}","templated":true}]}}