{"id":222670,"date":"2025-07-03T08:12:11","date_gmt":"2025-07-03T08:12:11","guid":{"rendered":"https:\/\/www.europesays.com\/fr\/222670\/"},"modified":"2025-07-03T08:12:11","modified_gmt":"2025-07-03T08:12:11","slug":"lassociation-les-cagouilles-a-velo-veut-mettre-le-cap-sur-lallemagne-en-2026","status":"publish","type":"post","link":"https:\/\/www.europesays.com\/fr\/222670\/","title":{"rendered":"L\u2019association Les cagouilles \u00e0 v\u00e9lo veut mettre le cap sur l\u2019Allemagne en 2026"},"content":{"rendered":"<p>Alors quand le petit groupe s\u2019est retrouv\u00e9, ce mardi 1er\u00a0juillet, dans la Maison des Jumelages pour se rem\u00e9morer l\u2019\u00e9pop\u00e9e \u00e0 p\u00e9dales, ils n\u2019avaient rien d\u2019autre en t\u00eate que leur prochaine destination\u00a0: Hildesheim, en Allemagne.<\/p>\n<p>Un voyage qui cr\u00e9e des liens<\/p>\n<p>\u00ab\u00a0On passera par le Parlement Europ\u00e9en, \u00e0 Strasbourg. C\u2019est l\u2019occasion de visiter de grandes institutions\u00a0\u00bb, r\u00e9capitule Fr\u00e9d\u00e9ric Devie, un des accompagnateurs b\u00e9n\u00e9voles.<\/p>\n<p>Pour les jeunes pr\u00e9sents au rassemblement, l\u2019exp\u00e9rience vaut largement le d\u00e9tour. Et tous n\u2019ont qu\u2019une id\u00e9e en t\u00eate\u00a0: remonter en selle. \u00ab\u00a0Les personnes avec qui j\u2019ai v\u00e9cu cette aventure sont devenues des amis. On n\u2019a jamais envie que \u00e7a s\u2019arr\u00eate\u00a0\u00bb, confie Aim\u00e9e Dutetre, qui esp\u00e8re une troisi\u00e8me participation en 2026.<\/p>\n","protected":false},"excerpt":{"rendered":"Alors quand le petit groupe s\u2019est retrouv\u00e9, ce mardi 1er\u00a0juillet, dans la Maison des Jumelages pour se rem\u00e9morer&hellip;\n","protected":false},"author":2,"featured_media":222671,"comment_status":"","ping_status":"","sticky":false,"template":"","format":"standard","meta":{"footnotes":""},"categories":[1587],"tags":[11,672,1804,1805,1803,1777,674,1801,12,1802],"class_list":{"0":"post-222670","1":"post","2":"type-post","3":"status-publish","4":"format-standard","5":"has-post-thumbnail","7":"category-allemagne","8":"tag-actualites","9":"tag-allemagne","10":"tag-bundesrepublik-deutschland","11":"tag-de","12":"tag-deutschland","13":"tag-eu","14":"tag-europe","15":"tag-germany","16":"tag-news","17":"tag-republique-federale-dallemagne"},"share_on_mastodon":{"url":"https:\/\/pubeurope.com\/@fr\/114788299179280102","error":""},"_links":{"self":[{"href":"https:\/\/www.europesays.com\/fr\/wp-json\/wp\/v2\/posts\/222670","targetHints":{"allow":["GET"]}}],"collection":[{"href":"https:\/\/www.europesays.com\/fr\/wp-json\/wp\/v2\/posts"}],"about":[{"href":"https:\/\/www.europesays.com\/fr\/wp-json\/wp\/v2\/types\/post"}],"author":[{"embeddable":true,"href":"https:\/\/www.europesays.com\/fr\/wp-json\/wp\/v2\/users\/2"}],"replies":[{"embeddable":true,"href":"https:\/\/www.europesays.com\/fr\/wp-json\/wp\/v2\/comments?post=222670"}],"version-history":[{"count":0,"href":"https:\/\/www.europesays.com\/fr\/wp-json\/wp\/v2\/posts\/222670\/revisions"}],"wp:featuredmedia":[{"embeddable":true,"href":"https:\/\/www.europesays.com\/fr\/wp-json\/wp\/v2\/media\/222671"}],"wp:attachment":[{"href":"https:\/\/www.europesays.com\/fr\/wp-json\/wp\/v2\/media?parent=222670"}],"wp:term":[{"taxonomy":"category","embeddable":true,"href":"https:\/\/www.europesays.com\/fr\/wp-json\/wp\/v2\/categories?post=222670"},{"taxonomy":"post_tag","embeddable":true,"href":"https:\/\/www.europesays.com\/fr\/wp-json\/wp\/v2\/tags?post=222670"}],"curies":[{"name":"wp","href":"https:\/\/api.w.org\/{rel}","templated":true}]}}