{"id":222672,"date":"2025-07-03T08:13:11","date_gmt":"2025-07-03T08:13:11","guid":{"rendered":"https:\/\/www.europesays.com\/fr\/222672\/"},"modified":"2025-07-03T08:13:11","modified_gmt":"2025-07-03T08:13:11","slug":"leurope-ouvre-dans-le-vert-droits-de-douane-et-emploi-us-au-programme","status":"publish","type":"post","link":"https:\/\/www.europesays.com\/fr\/222672\/","title":{"rendered":"L&rsquo;Europe ouvre dans le vert, droits de douane et emploi US au programme"},"content":{"rendered":"<p>\u00c0 Paris, le CAC 40 gagne 0,26% \u00e0 7.758,46 points vers 07h12 GMT. \u00c0 Francfort, le Dax avance de 0,29% et \u00e0 Londres, le FTSE 100 monte de 0,41%.<\/p>\n<p>L&rsquo;indice EuroStoxx 50 est en hausse de 0,14%, le FTSEurofirst 300 avance de 0,30% et le Stoxx 600 gagne 0,33%.<\/p>\n<p>Les march\u00e9s d&rsquo;actions entament la s\u00e9ance sur une note positive apr\u00e8s l&rsquo;annonce, la veille, d&rsquo;un accord commercial entre les Etats-Unis et le Vietnam qui imposerait un taux de droits de douane de 20%, plus bas que pr\u00e9vu initialement, sur de nombreuses importations en provenance de ce pays d&rsquo;Asie du Sud-Est, ainsi qu&rsquo;une surtaxe de 40% sur les transbordements en provenance de pays tiers.<\/p>\n<p>Le pays d&rsquo;Asie du Sud-Est joue un r\u00f4le cl\u00e9 dans les cha\u00eenes d&rsquo;approvisionnement mondiales en tant que point de transit pour les produits fabriqu\u00e9s en grande partie en Chine et \u00e9tiquet\u00e9s \u00ab\u00a0Made in Vietnam\u00a0\u00bb.<\/p>\n<p>Tout en continuant \u00e0 surveiller les d\u00e9veloppements commerciaux, les investisseurs s&rsquo;int\u00e9resseront \u00e9galement \u00e0 la publication des chiffres des cr\u00e9ations d&#8217;emploi aux \u00c9tats-Unis, pr\u00e9vue ce jeudi \u00e0 12h30 GMT, un rapport d&rsquo;autant plus regard\u00e9 que la veille, l&rsquo;enqu\u00eate ADP sur le secteur priv\u00e9 a surpris avec la premi\u00e8re destruction d&#8217;emplois depuis plus de deux ans.<\/p>\n<p>Une surprise n\u00e9gative pourrait renforcer les paris selon lesquels la banque centrale am\u00e9ricaine reprendra ses r\u00e9ductions de taux en juillet et accro\u00eetre les craintes concernant la sant\u00e9 du march\u00e9 de l&#8217;emploi, jusqu&rsquo;\u00e0 pr\u00e9sent r\u00e9silient.<\/p>\n<p>En Europe, le march\u00e9 attend \u00e9talement les indices PMI d\u00e9finitifs de juin pour la zone euro. Les premi\u00e8res estimations avaient montr\u00e9 que l&rsquo;activit\u00e9 du secteur priv\u00e9 avait stagn\u00e9 pour le deuxi\u00e8me mois cons\u00e9cutif alors que l&rsquo;\u00e9conomie de la r\u00e9gion peine \u00e0 prendre de l&rsquo;\u00e9lan. <\/p>\n<p>Aux valeurs, Pluxee, l&rsquo;ancienne division d&rsquo;avantages aux salari\u00e9s de Sodexo, prend 4,3% apr\u00e8s avoir a fait \u00e9tat jeudi d&rsquo;un chiffre d&rsquo;affaires op\u00e9rationnel en hausse de 11,1% sur un an au troisi\u00e8me trimestre et confirm\u00e9 ses objectifs financiers annuels.<\/p>\n<p> (R\u00e9dig\u00e9 par Diana Mandi\u00e1, \u00e9dit\u00e9 par Augustin Turpin)<\/p>\n","protected":false},"excerpt":{"rendered":"\u00c0 Paris, le CAC 40 gagne 0,26% \u00e0 7.758,46 points vers 07h12 GMT. \u00c0 Francfort, le Dax avance&hellip;\n","protected":false},"author":2,"featured_media":222673,"comment_status":"","ping_status":"","sticky":false,"template":"","format":"standard","meta":{"footnotes":""},"categories":[1586],"tags":[11,2125,1777,674,1011,27,2124,12,25],"class_list":{"0":"post-222672","1":"post","2":"type-post","3":"status-publish","4":"format-standard","5":"has-post-thumbnail","7":"category-europe","8":"tag-actualites","9":"tag-depeches-reuters","10":"tag-eu","11":"tag-europe","12":"tag-fr","13":"tag-france","14":"tag-infos-reuters","15":"tag-news","16":"tag-republique-francaise"},"share_on_mastodon":{"url":"https:\/\/pubeurope.com\/@fr\/114788303050419950","error":""},"_links":{"self":[{"href":"https:\/\/www.europesays.com\/fr\/wp-json\/wp\/v2\/posts\/222672","targetHints":{"allow":["GET"]}}],"collection":[{"href":"https:\/\/www.europesays.com\/fr\/wp-json\/wp\/v2\/posts"}],"about":[{"href":"https:\/\/www.europesays.com\/fr\/wp-json\/wp\/v2\/types\/post"}],"author":[{"embeddable":true,"href":"https:\/\/www.europesays.com\/fr\/wp-json\/wp\/v2\/users\/2"}],"replies":[{"embeddable":true,"href":"https:\/\/www.europesays.com\/fr\/wp-json\/wp\/v2\/comments?post=222672"}],"version-history":[{"count":0,"href":"https:\/\/www.europesays.com\/fr\/wp-json\/wp\/v2\/posts\/222672\/revisions"}],"wp:featuredmedia":[{"embeddable":true,"href":"https:\/\/www.europesays.com\/fr\/wp-json\/wp\/v2\/media\/222673"}],"wp:attachment":[{"href":"https:\/\/www.europesays.com\/fr\/wp-json\/wp\/v2\/media?parent=222672"}],"wp:term":[{"taxonomy":"category","embeddable":true,"href":"https:\/\/www.europesays.com\/fr\/wp-json\/wp\/v2\/categories?post=222672"},{"taxonomy":"post_tag","embeddable":true,"href":"https:\/\/www.europesays.com\/fr\/wp-json\/wp\/v2\/tags?post=222672"}],"curies":[{"name":"wp","href":"https:\/\/api.w.org\/{rel}","templated":true}]}}