{"id":222674,"date":"2025-07-03T08:14:11","date_gmt":"2025-07-03T08:14:11","guid":{"rendered":"https:\/\/www.europesays.com\/fr\/222674\/"},"modified":"2025-07-03T08:14:11","modified_gmt":"2025-07-03T08:14:11","slug":"la-chine-exhorte-lunion-europeenne-a-eviter-la-confrontation-03-07-2025-a-0919","status":"publish","type":"post","link":"https:\/\/www.europesays.com\/fr\/222674\/","title":{"rendered":"La Chine exhorte l&rsquo;Union europ\u00e9enne \u00e0 \u00e9viter \u00ab\u00a0la confrontation\u00a0\u00bb &#8211; 03\/07\/2025 \u00e0 09:19"},"content":{"rendered":"<p>        <img fetchpriority=\"high\" decoding=\"async\" src=\"https:\/\/www.europesays.com\/fr\/wp-content\/uploads\/2025\/07\/6c7ea3a333d64aba3097c295ec00f99a-760x507.jpg\" alt=\"Le ministre chinois des Affaires \u00e9trang\u00e8res Wang Yi \u00e0 Bruxelles le 2 juillet 2025 ( AFP \/ Fran\u00e7ois WALSCHAERTS )\" loading=\"eager\" width=\"760\" height=\"507\" style=\"max-width: 100%!important; height: auto;\"\/><\/p>\n<p class=\"c-image-news__legend\">Le ministre chinois des Affaires \u00e9trang\u00e8res Wang Yi \u00e0 Bruxelles le 2 juillet 2025 ( AFP \/ Fran\u00e7ois WALSCHAERTS )<\/p>\n<p>\n Le ministre chinois des Affaires \u00e9trang\u00e8res Wang Yi a mis en garde son homologue europ\u00e9enne contre les risques d&rsquo;une \u00ab\u00a0confrontation\u00a0\u00bb, selon un communiqu\u00e9 de son minist\u00e8re publi\u00e9 jeudi, au moment o\u00f9 P\u00e9kin cherche \u00e0 se pr\u00e9senter comme un contrepoids stable face \u00e0 Washington.\n<\/p>\n<p>\n La Chine et l&rsquo;Union europ\u00e9enne (UE) \u00ab\u00a0ne devraient pas \u00eatre consid\u00e9r\u00e9es comme des adversaires en raison de leurs diff\u00e9rences, ni chercher la confrontation en raison de leurs d\u00e9saccords\u00a0\u00bb, a d\u00e9clar\u00e9 mercredi Wang Yi lors d&rsquo;une rencontre \u00e0 Bruxelles avec la cheffe de la diplomatie europ\u00e9enne Kaja Kallas.\n<\/p>\n<p>\n Mme Kallas avait d\u00e9clar\u00e9 mercredi que P\u00e9kin devait cesser de menacer la s\u00e9curit\u00e9 europ\u00e9enne, citant notamment des cyberattaques, des interf\u00e9rences dans les processus d\u00e9mocratiques et des pratiques commerciales jug\u00e9es d\u00e9loyales.\n<\/p>\n<p>\n L&rsquo;Europe est \u00ab\u00a0confront\u00e9e \u00e0 plusieurs d\u00e9fis\u00a0\u00bb, a affirm\u00e9 mercredi Wang Yi, dont aucun, \u00ab\u00a0dans le pass\u00e9, le pr\u00e9sent ou le futur\u00a0\u00bb, n&rsquo;a \u00e9t\u00e9 caus\u00e9 par la Chine.\n<\/p>\n<p>\n M. Wang a de mani\u00e8re g\u00e9n\u00e9rale cherch\u00e9 \u00e0 pr\u00e9senter P\u00e9kin comme un contrepoids \u00e0 l&rsquo;administration am\u00e9ricaine de Donald Trump, qui a menac\u00e9 d&rsquo;imposer des droits de douane g\u00e9n\u00e9ralis\u00e9s sur les importations europ\u00e9ennes.\n<\/p>\n<p>\n \u00ab\u00a0La voie emprunt\u00e9e par les Etats-Unis ne devrait pas \u00eatre utilis\u00e9e comme un reflet de la Chine\u00a0\u00bb, a-t-il d\u00e9clar\u00e9. \u00ab\u00a0La Chine n&rsquo;est pas les Etats-Unis\u00a0\u00bb.\n<\/p>\n<p>\n Les deux parties ont \u00e9galement abord\u00e9 des sujets internationaux tels que l&rsquo;Ukraine, le conflit isra\u00eblo-palestinien, et le nucl\u00e9aire iranien, pr\u00e9cise le communiqu\u00e9 du minist\u00e8re chinois des Affaires \u00e9trang\u00e8res.\n<\/p>\n<p>\n P\u00e9kin et Bruxelles doivent faire preuve de \u00ab\u00a0respect\u00a0\u00bb mutuel, a d\u00e9clar\u00e9 M. Wang, ajoutant que l&rsquo;Europe devrait encourager une politique plus \u00ab\u00a0active et pragmatique\u00a0\u00bb envers la Chine.\n<\/p>\n<p>\n M. Wang a \u00e9galement rencontr\u00e9 mercredi la pr\u00e9sidente de la Commission europ\u00e9enne, Ursula von der Leyen, ainsi que le ministre belge des Affaires \u00e9trang\u00e8res, Maxime Pr\u00e9vot.\n<\/p>\n<p>\n La Chine et l&rsquo;UE doivent \u00ab\u00a0d\u00e9fendre le multilat\u00e9ralisme et le libre-\u00e9change&#8230; et travailler ensemble pour relever les d\u00e9fis mondiaux tels que le changement climatique\u00a0\u00bb, a d\u00e9clar\u00e9 M. Wang \u00e0 Mme von der Leyen.\n<\/p>\n<p>\n Wang Yi est d\u00e9sormais attendu en Allemagne puis en France, o\u00f9 il rencontrera le ministre de l&rsquo;Europe et des Affaires \u00e9trang\u00e8res, Jean-No\u00ebl Barrot, qui s&rsquo;est rendu en Chine en mars.\n<\/p>\n<p>\n Ces visites interviennent peu avant un sommet UE-Chine qui r\u00e9unira \u00e0 P\u00e9kin le dirigeant chinois Xi Jinping et plusieurs hauts responsables europ\u00e9ens.<\/p>\n","protected":false},"excerpt":{"rendered":"Le ministre chinois des Affaires \u00e9trang\u00e8res Wang Yi \u00e0 Bruxelles le 2 juillet 2025 ( AFP \/ Fran\u00e7ois&hellip;\n","protected":false},"author":2,"featured_media":222675,"comment_status":"","ping_status":"","sticky":false,"template":"","format":"standard","meta":{"footnotes":""},"categories":[1586],"tags":[400,11,398,408,405,1777,674,1779,1011,27,403,402,399,404,12,25,401,406,1778,364,407],"class_list":{"0":"post-222674","1":"post","2":"type-post","3":"status-publish","4":"format-standard","5":"has-post-thumbnail","7":"category-europe","8":"tag-action-cac-40","9":"tag-actualites","10":"tag-bourse-de-paris","11":"tag-boursorama","12":"tag-cotations","13":"tag-eu","14":"tag-europe","15":"tag-european-union","16":"tag-fr","17":"tag-france","18":"tag-indices-devises","19":"tag-investir","20":"tag-investissement","21":"tag-marche-boursier","22":"tag-news","23":"tag-republique-francaise","24":"tag-sicav","25":"tag-trackers","26":"tag-ue","27":"tag-union-europeenne","28":"tag-warrants"},"share_on_mastodon":{"url":"https:\/\/pubeurope.com\/@fr\/114788307213179688","error":""},"_links":{"self":[{"href":"https:\/\/www.europesays.com\/fr\/wp-json\/wp\/v2\/posts\/222674","targetHints":{"allow":["GET"]}}],"collection":[{"href":"https:\/\/www.europesays.com\/fr\/wp-json\/wp\/v2\/posts"}],"about":[{"href":"https:\/\/www.europesays.com\/fr\/wp-json\/wp\/v2\/types\/post"}],"author":[{"embeddable":true,"href":"https:\/\/www.europesays.com\/fr\/wp-json\/wp\/v2\/users\/2"}],"replies":[{"embeddable":true,"href":"https:\/\/www.europesays.com\/fr\/wp-json\/wp\/v2\/comments?post=222674"}],"version-history":[{"count":0,"href":"https:\/\/www.europesays.com\/fr\/wp-json\/wp\/v2\/posts\/222674\/revisions"}],"wp:featuredmedia":[{"embeddable":true,"href":"https:\/\/www.europesays.com\/fr\/wp-json\/wp\/v2\/media\/222675"}],"wp:attachment":[{"href":"https:\/\/www.europesays.com\/fr\/wp-json\/wp\/v2\/media?parent=222674"}],"wp:term":[{"taxonomy":"category","embeddable":true,"href":"https:\/\/www.europesays.com\/fr\/wp-json\/wp\/v2\/categories?post=222674"},{"taxonomy":"post_tag","embeddable":true,"href":"https:\/\/www.europesays.com\/fr\/wp-json\/wp\/v2\/tags?post=222674"}],"curies":[{"name":"wp","href":"https:\/\/api.w.org\/{rel}","templated":true}]}}