{"id":222677,"date":"2025-07-03T08:16:11","date_gmt":"2025-07-03T08:16:11","guid":{"rendered":"https:\/\/www.europesays.com\/fr\/222677\/"},"modified":"2025-07-03T08:16:11","modified_gmt":"2025-07-03T08:16:11","slug":"sur-lalgerie-la-france-insoumise-prend-ses-distances-avec-le-depute-sebastien-delogu-liberation","status":"publish","type":"post","link":"https:\/\/www.europesays.com\/fr\/222677\/","title":{"rendered":"Sur l\u2019Alg\u00e9rie, La France insoumise prend ses distances avec le d\u00e9put\u00e9 S\u00e9bastien Delogu \u2013 Lib\u00e9ration"},"content":{"rendered":"<p class=\"sc-ksZaOG ehjQrN text-element\">Un net d\u00e9saveu tr\u00e8s peu courant chez les insoumis\u00a0: \u00abS\u00e9bastien Delogu s\u2019est exprim\u00e9 de fa\u00e7on personnelle en Alg\u00e9rie. Il n\u2019engage ni les groupes parlementaires de La France insoumise, ni le mouvement.\u00bb Dans un<a href=\"https:\/\/x.com\/FranceInsoumise\/status\/1940074248942292994\" target=\"_blank\" rel=\"\" title=\"https:\/\/x.com\/FranceInsoumise\/status\/1940074248942292994\"> tweet post\u00e9 sur X<\/a> mardi 1er\u00a0juillet, La France insoumise a pris ses distances avec le d\u00e9put\u00e9 des Bouches-du-Rh\u00f4ne, alors qu\u2019une pol\u00e9mique montait ces derniers jours autour de son voyage en Alg\u00e9rie.<\/p>\n<p class=\"sc-ksZaOG ehjQrN text-element\">L\u2019\u00e9lu marseillais y est depuis une semaine pour, explique-t-il, \u00abexprimer le fait qu\u2019il y a une autre voie en France, celle du respect\u00bb et que \u00abquand on s\u2019exprime, on doit parler d\u2019\u00e9gal \u00e0 \u00e9gal\u00bb, comme il l\u2019a expliqu\u00e9 \u00e0 l\u2019AFP. Dans une interview donn\u00e9e \u00e0 la cha\u00eene publique de t\u00e9l\u00e9vision alg\u00e9rienne TV2, S\u00e9bastien Delogu a d\u00e9plor\u00e9 un climat ambiant d\u2019hostilit\u00e9\u00a0: \u00abQuand vous \u00e9coutez les m\u00e9dias [en France], vous avez l\u2019impression que c\u2019est l\u2019Alg\u00e9rie qui aujourd\u2019hui est coupable de tout.\u00bb Une responsabilit\u00e9 qu\u2019il impute aux politiques fran\u00e7ais de droite et d\u2019extr\u00eame droite ainsi qu\u2019au groupe de Vincent Bollor\u00e9.<\/p>\n<p class=\"sc-ksZaOG ehjQrN text-element\">Jusque-l\u00e0, une ligne semblable \u00e0 celle d\u00e9fendue par son parti en France. Mais qu\u2019a donc pu justifier qu\u2019un d\u00e9put\u00e9 si proche de Jean-Luc M\u00e9lenchon soit d\u00e9jug\u00e9 de la sorte\u00a0? La r\u00e9ponse est davantage \u00e0 chercher dans les omissions que dans les propos tenus. En parlant \u00e0 la t\u00e9l\u00e9<\/p>\n","protected":false},"excerpt":{"rendered":"Un net d\u00e9saveu tr\u00e8s peu courant chez les insoumis\u00a0: \u00abS\u00e9bastien Delogu s\u2019est exprim\u00e9 de fa\u00e7on personnelle en Alg\u00e9rie.&hellip;\n","protected":false},"author":2,"featured_media":222678,"comment_status":"","ping_status":"","sticky":false,"template":"","format":"standard","meta":{"footnotes":""},"categories":[2],"tags":[11,15,14959,1011,27,780,12,25],"class_list":{"0":"post-222677","1":"post","2":"type-post","3":"status-publish","4":"format-standard","5":"has-post-thumbnail","7":"category-actualites","8":"tag-actualites","9":"tag-algerie","10":"tag-algerie-france-diplomatie","11":"tag-fr","12":"tag-france","13":"tag-lfi","14":"tag-news","15":"tag-republique-francaise"},"share_on_mastodon":{"url":"https:\/\/pubeurope.com\/@fr\/114788314937521008","error":""},"_links":{"self":[{"href":"https:\/\/www.europesays.com\/fr\/wp-json\/wp\/v2\/posts\/222677","targetHints":{"allow":["GET"]}}],"collection":[{"href":"https:\/\/www.europesays.com\/fr\/wp-json\/wp\/v2\/posts"}],"about":[{"href":"https:\/\/www.europesays.com\/fr\/wp-json\/wp\/v2\/types\/post"}],"author":[{"embeddable":true,"href":"https:\/\/www.europesays.com\/fr\/wp-json\/wp\/v2\/users\/2"}],"replies":[{"embeddable":true,"href":"https:\/\/www.europesays.com\/fr\/wp-json\/wp\/v2\/comments?post=222677"}],"version-history":[{"count":0,"href":"https:\/\/www.europesays.com\/fr\/wp-json\/wp\/v2\/posts\/222677\/revisions"}],"wp:featuredmedia":[{"embeddable":true,"href":"https:\/\/www.europesays.com\/fr\/wp-json\/wp\/v2\/media\/222678"}],"wp:attachment":[{"href":"https:\/\/www.europesays.com\/fr\/wp-json\/wp\/v2\/media?parent=222677"}],"wp:term":[{"taxonomy":"category","embeddable":true,"href":"https:\/\/www.europesays.com\/fr\/wp-json\/wp\/v2\/categories?post=222677"},{"taxonomy":"post_tag","embeddable":true,"href":"https:\/\/www.europesays.com\/fr\/wp-json\/wp\/v2\/tags?post=222677"}],"curies":[{"name":"wp","href":"https:\/\/api.w.org\/{rel}","templated":true}]}}