{"id":222681,"date":"2025-07-03T08:18:19","date_gmt":"2025-07-03T08:18:19","guid":{"rendered":"https:\/\/www.europesays.com\/fr\/222681\/"},"modified":"2025-07-03T08:18:19","modified_gmt":"2025-07-03T08:18:19","slug":"max-homa-nutilisera-desormais-que-tres-rarement-les-reseaux-sociaux-pour-communiquer","status":"publish","type":"post","link":"https:\/\/www.europesays.com\/fr\/222681\/","title":{"rendered":"Max Homa n&rsquo;utilisera d\u00e9sormais que tr\u00e8s rarement les r\u00e9seaux sociaux pour communiquer"},"content":{"rendered":"<p>\t\t\t\t\t\t<img width=\"770\" height=\"557\" src=\"https:\/\/www.europesays.com\/fr\/wp-content\/uploads\/2025\/05\/homa-770x557.jpg\" class=\"img-responsive wp-post-image\" alt=\"\" decoding=\"async\" fetchpriority=\"high\"  \/>\t\t\t\t\t<\/p>\n<p>\t\t\t\t\t\t Partager cet article <\/p>\n<p class=\"screen-reader-text juiz_sps_maybe_hidden_text\">Partager la publication \u00ab\u00a0Max Homa n\u2019utilisera d\u00e9sormais que tr\u00e8s rarement les r\u00e9seaux sociaux pour communiquer\u00a0\u00bb<\/p>\n<p><strong>Dans une passe difficile en termes de r\u00e9sultats sportifs, Max Homa a \u00e9galement pr\u00e9cis\u00e9 en conf\u00e9rence de presse en marge du John Deere Classic ses choix de se retirer des r\u00e9seaux sociaux, notamment de X (ex Twitter) qu\u2019il juge \u00eatre un refuge pour les c\u2026 Pour suivre son actualit\u00e9, il faudra se connecter sur Instagram ou TikTok, mais de fa\u00e7on bien plus occasionnelle.\u00a0<\/strong><\/p>\n<p>\u00a0<\/p>\n<p><strong>Max Homa<\/strong> en a gros sur la patate quand il aborde la question des r\u00e9seaux sociaux et son impact sur sa vie de golfeur professionnel. Il avait d\u00e9j\u00e0 ainsi pris la d\u00e9cision de ne plus communiquer sur X (ex Twitter) depuis le d\u00e9but du mois de mars, afin de se prot\u00e9ger mentalement et de se recentrer sur son bien\u2011\u00eatre et son golf.<\/p>\n<p>Pour suivre son actualit\u00e9, il faut d\u00e9sormais se connecter sur Instagram ou TikTok, m\u00eame si les \u00ab\u00a0apparitions\u00a0\u00bb du Californien \u00e2g\u00e9 de 34 ans sont bien plus occasionnelles et surtout bien plus s\u00e9lectives. Son objectif \u00e9tant aujourd\u2019hui bas\u00e9 sur des \u00e9changes en personne avec les fans tout en y limitant les commentaires n\u00e9gatifs voire compl\u00e8tement toxiques.<\/p>\n<p>\u00a0<\/p>\n<p>Un endroit horrible\u00a0<\/p>\n<p>Interrog\u00e9 en conf\u00e9rence de presse en marge du <strong>John Deere Classic<\/strong> (3-6 juillet), sur cette \u00ab\u00a0retraite sociale\u00a0\u00bb, Max Homa a confirm\u00e9 que Twitter ou X \u00e9tait un \u00ab endroit horrible. \u00bb<\/p>\n<p>\t\t\t\t\t<a id=\"178032\" href=\"https:\/\/www.golfy.fr\/landing\/golf-planete-decouvrez-les-golfs-collections-du-reseau-golfy?utm_source=golf_planete&amp;utm_medium=display&amp;utm_campaign=golfs_collection_2025\" target=\"_blank\" rel=\"sponsorised noopener\"><img decoding=\"async\" src=\"data:image\/svg+xml,%3Csvg%20xmlns=\" http:=\"\" class=\"img-responsive\" alt=\"\" data-lazy-src=\"https:\/\/www.europesays.com\/fr\/wp-content\/uploads\/2025\/06\/golfy-e06-golfs-collection-france-ete-1170x275-1.jpg\"\/><\/a><\/p>\n<p>\u00ab J\u2019ai mis du temps \u00e0 comprendre son impact et \u00e0 quel point c\u2019est une perte d\u2019\u00e9nergie, poursuit-il. Le lien avec les fans me manque, mais rien ne se fait sans\u2026 Je veux dire, tellement de haine et de col\u00e8re. Il y a aussi beaucoup d\u2019amour l\u00e0-dedans, mais malheureusement, il est vraiment submerg\u00e9 par\u2026 Bref, c\u2019est un refuge pour les c\u2026, faute d\u2019un meilleur terme. D\u00e9sol\u00e9 PGA Tour ! \u00bb<\/p>\n<p>\u00ab Je ne sais pas si c\u2019est \u00e0 cause du monde des jeux d\u2019argent ou autre chose, mais les gens disent des choses vraiment tr\u00e8s mauvaises. Sur Internet, on vous souhaite par exemple de mourir \u00bb, a-t-il ajout\u00e9.<\/p>\n<p>\u00a0<\/p>\n<p>La cuisine et la p\u00eache pour d\u00e9compresser<\/p>\n<p>En attendant, le sextuple vainqueur sur le PGA Tour entre 2019 et 2023 a l\u2019intention de se mettre notamment \u00e0 la\u2026 cuisine.\u00a0<\/p>\n<p>\u00ab Quand on a un enfant de deux ans et demi, on pr\u00e9pare beaucoup plus de repas que moi, explique-t-il. J\u2019aimerais m\u2019am\u00e9liorer. Offrir \u00e0 ma femme un repas maison diff\u00e9rent de mes plats habituels. Quelque chose d\u2019un peu meilleur. Je pense que je pourrais m\u2019y mettre. J\u2018ai pens\u00e9 aussi \u00e0 me mettre \u00e0 la p\u00eache. \u00c7a me semble paisible et personne ne peut me d\u00e9ranger l\u00e0-bas. Alors, oui, je ne sais pas. Je vais peut-\u00eatre m\u2019y mettre. J\u2019ai quelques id\u00e9es. \u00bb<\/p>\n<p>Max Homa, meilleur joueur am\u00e9ricain lors de la derni\u00e8re <strong>Ryder Cup<\/strong> \u00e0 Rome en septembre 2023 (3,5 points en 5 matches), n\u2019a plus accroch\u00e9 le moindre top 10 sur le PGA Tour depuis sa 8e place au <strong>Wells Fargo Championship<\/strong> le 12 mai 2024 !\u00a0<\/p>\n<p>\u00a0<\/p>\n<p>Photo : Darren Carroll \/ PGA of America<\/p>\n","protected":false},"excerpt":{"rendered":"Partager cet article Partager la publication \u00ab\u00a0Max Homa n\u2019utilisera d\u00e9sormais que tr\u00e8s rarement les r\u00e9seaux sociaux pour communiquer\u00a0\u00bb&hellip;\n","protected":false},"author":2,"featured_media":105631,"comment_status":"","ping_status":"","sticky":false,"template":"","format":"standard","meta":{"footnotes":""},"categories":[1418],"tags":[1011,27,1472,60],"class_list":{"0":"post-222681","1":"post","2":"type-post","3":"status-publish","4":"format-standard","5":"has-post-thumbnail","7":"category-golf","8":"tag-fr","9":"tag-france","10":"tag-golf","11":"tag-sports"},"share_on_mastodon":{"url":"https:\/\/pubeurope.com\/@fr\/114788323066249176","error":""},"_links":{"self":[{"href":"https:\/\/www.europesays.com\/fr\/wp-json\/wp\/v2\/posts\/222681","targetHints":{"allow":["GET"]}}],"collection":[{"href":"https:\/\/www.europesays.com\/fr\/wp-json\/wp\/v2\/posts"}],"about":[{"href":"https:\/\/www.europesays.com\/fr\/wp-json\/wp\/v2\/types\/post"}],"author":[{"embeddable":true,"href":"https:\/\/www.europesays.com\/fr\/wp-json\/wp\/v2\/users\/2"}],"replies":[{"embeddable":true,"href":"https:\/\/www.europesays.com\/fr\/wp-json\/wp\/v2\/comments?post=222681"}],"version-history":[{"count":0,"href":"https:\/\/www.europesays.com\/fr\/wp-json\/wp\/v2\/posts\/222681\/revisions"}],"wp:featuredmedia":[{"embeddable":true,"href":"https:\/\/www.europesays.com\/fr\/wp-json\/wp\/v2\/media\/105631"}],"wp:attachment":[{"href":"https:\/\/www.europesays.com\/fr\/wp-json\/wp\/v2\/media?parent=222681"}],"wp:term":[{"taxonomy":"category","embeddable":true,"href":"https:\/\/www.europesays.com\/fr\/wp-json\/wp\/v2\/categories?post=222681"},{"taxonomy":"post_tag","embeddable":true,"href":"https:\/\/www.europesays.com\/fr\/wp-json\/wp\/v2\/tags?post=222681"}],"curies":[{"name":"wp","href":"https:\/\/api.w.org\/{rel}","templated":true}]}}