{"id":222682,"date":"2025-07-03T08:19:19","date_gmt":"2025-07-03T08:19:19","guid":{"rendered":"https:\/\/www.europesays.com\/fr\/222682\/"},"modified":"2025-07-03T08:19:19","modified_gmt":"2025-07-03T08:19:19","slug":"cest-une-nouveaute-2-jours-de-tournoi-pour-ledition-2025-du-canet-beach-volley","status":"publish","type":"post","link":"https:\/\/www.europesays.com\/fr\/222682\/","title":{"rendered":"C\u2019est une nouveaut\u00e9\u00a0: 2 jours de tournoi pour l\u2019\u00e9dition 2025 du Canet beach-volley"},"content":{"rendered":"<p>\n                                                                Deux journ\u00e9es de jeu sont pr\u00e9vues pour la XVIe \u00e9dition du tournoi de beach-volley de Canet-en-Roussillon. Chaque ann\u00e9e, la comp\u00e9tition a lieu le 14\u00a0juillet mais en 2025 le 13 sera aussi de la partie.\n                            <\/p>\n<p>Plongeons spectaculaires dans le sable chaud, blocks et services Sky Ball\u2026 le club de beach-volley de Canet\u00a0va faire durer le plaisir avec deux jours de tournoi\u00a0les dimanche\u00a013 et lundi 14\u00a0juillet 2025 pour pouvoir accueillir petits et grands.\u00a0Le plus grand tournoi de beach-volley des Pyr\u00e9n\u00e9es-Orientales s\u2019ouvre \u00e0 toutes les g\u00e9n\u00e9rations.<\/p>\n<p>Une ambiance de folie, musique\u00a0et surtout ballons \u00e0 gogo\u2026 de quoi se croire \u00e0 Miami Beach et avoir des souvenirs plein la t\u00eate.\u00a0Impressionnant, 26 terrains\u00a0seront mont\u00e9s pour l\u2019occasion au niveau du club de plage de L\u2019\u00c9den. Sous le soleil tapant, des centaines de joueurs d\u00e9j\u00e0 inscrits se disputeront les points pour esp\u00e9rer remporter les titres en jeu.<\/p>\n<p>S\u2019\u00e9clater ou gagner\u00a0?<\/p>\n<p>Ceux qui choisiront la premi\u00e8re option sont attendus par \u00e9quipe de 3 pour s\u2019amuser sans pression. Bas de tableau ou pas, la\u00a0r\u00e9compense est assur\u00e9e\u00a0car \u00ab\u00a0tout le monde est gagnant\u00a0\u00bb au tournoi de Canet. Ambiance d\u00e9tendue.<\/p>\n<p>Les plus jeunes\u00a0comp\u00e9titeurs s\u2019affronteront dimanche en 2v2, \u00ab\u00a0eux, qui ne se retrouvaient pas vraiment dans les tournois adultes du 14\u00a0\u00bb. Tournoi M15 f\u00e9minin et masculin et idem en M18. L\u2019objectif est de d\u00e9velopper\u00a0\u00ab\u00a0le sport olympique\u00a0\u00bb, explique\u00a0Pascal Laissac, vice-pr\u00e9sident du club organisateur. Mettre en avant le 2v2 appel\u00e9 \u00ab\u00a0vrai beach-volley\u00a0\u00bb et en \u00ab\u00a0favoriser la pratique\u00a0\u00bb.<\/p>\n<p>        <img decoding=\"async\" class=\"std-img__img responsive-img\" src=\"https:\/\/www.europesays.com\/fr\/wp-content\/uploads\/2025\/07\/1751530759_376_image.jpg\" alt=\"Canet-en-Roussillon, une ville qui participe au d\u00e9veloppement du 2v2.\"\/><\/p>\n<p>                Canet-en-Roussillon, une ville qui participe au d\u00e9veloppement du 2v2.<br \/>\n                                    L&rsquo;INDEPENDANT<\/p>\n<p>Pour sa premi\u00e8re fois \u00e0 Canet, le tournoi mixte, r\u00e9serv\u00e9 aux licenci\u00e9s beach-volley, a remport\u00e9 le jackpot en \u00e9tant complet seulement quelques jours apr\u00e8s l\u2019ouverture des inscriptions. Les 2v2 f\u00e9minin et masculin le sont aussi. Un bon niveau est promis.<\/p>\n<p>Les adeptes du 3v3\u00a0peuvent encore s\u2019inscrire. Mais il ne reste que tr\u00e8s peu de places pour\u00a0les boss du sable.<\/p>\n<p>Les joueurs habitu\u00e9s\u00a0du 14\u00a0juillet auront un maillot offert et seront tous r\u00e9compens\u00e9s \u00e0 l\u2019issue d\u2019une longue journ\u00e9e d\u2019effort.<\/p>\n<p>&gt;\u00a0Informations et inscriptions sur Facebook Canet Beach-Volley<\/p>\n","protected":false},"excerpt":{"rendered":"Deux journ\u00e9es de jeu sont pr\u00e9vues pour la XVIe \u00e9dition du tournoi de beach-volley de Canet-en-Roussillon. Chaque ann\u00e9e,&hellip;\n","protected":false},"author":2,"featured_media":222683,"comment_status":"","ping_status":"","sticky":false,"template":"","format":"standard","meta":{"footnotes":""},"categories":[1417],"tags":[1011,27,60,1470,1469],"class_list":{"0":"post-222682","1":"post","2":"type-post","3":"status-publish","4":"format-standard","5":"has-post-thumbnail","7":"category-volley","8":"tag-fr","9":"tag-france","10":"tag-sports","11":"tag-volley","12":"tag-volleyball"},"share_on_mastodon":{"url":"https:\/\/pubeurope.com\/@fr\/114788326737867138","error":""},"_links":{"self":[{"href":"https:\/\/www.europesays.com\/fr\/wp-json\/wp\/v2\/posts\/222682","targetHints":{"allow":["GET"]}}],"collection":[{"href":"https:\/\/www.europesays.com\/fr\/wp-json\/wp\/v2\/posts"}],"about":[{"href":"https:\/\/www.europesays.com\/fr\/wp-json\/wp\/v2\/types\/post"}],"author":[{"embeddable":true,"href":"https:\/\/www.europesays.com\/fr\/wp-json\/wp\/v2\/users\/2"}],"replies":[{"embeddable":true,"href":"https:\/\/www.europesays.com\/fr\/wp-json\/wp\/v2\/comments?post=222682"}],"version-history":[{"count":0,"href":"https:\/\/www.europesays.com\/fr\/wp-json\/wp\/v2\/posts\/222682\/revisions"}],"wp:featuredmedia":[{"embeddable":true,"href":"https:\/\/www.europesays.com\/fr\/wp-json\/wp\/v2\/media\/222683"}],"wp:attachment":[{"href":"https:\/\/www.europesays.com\/fr\/wp-json\/wp\/v2\/media?parent=222682"}],"wp:term":[{"taxonomy":"category","embeddable":true,"href":"https:\/\/www.europesays.com\/fr\/wp-json\/wp\/v2\/categories?post=222682"},{"taxonomy":"post_tag","embeddable":true,"href":"https:\/\/www.europesays.com\/fr\/wp-json\/wp\/v2\/tags?post=222682"}],"curies":[{"name":"wp","href":"https:\/\/api.w.org\/{rel}","templated":true}]}}