{"id":222684,"date":"2025-07-03T08:20:11","date_gmt":"2025-07-03T08:20:11","guid":{"rendered":"https:\/\/www.europesays.com\/fr\/222684\/"},"modified":"2025-07-03T08:20:11","modified_gmt":"2025-07-03T08:20:11","slug":"tournee-des-lions-2025-owen-farrell-pourrait-etre-appele-pour-remplacer-elliot-daly","status":"publish","type":"post","link":"https:\/\/www.europesays.com\/fr\/222684\/","title":{"rendered":"Tourn\u00e9e des Lions 2025 \u2013 Owen Farrell pourrait \u00eatre appel\u00e9 pour remplacer Elliot Daly"},"content":{"rendered":"<p>\n                Absent de la tourn\u00e9e des Lions britanniques et irlandais, Owen Farrell pourrait finalement accrocher le wagon. D\u2019apr\u00e8s le Telegraph, son p\u00e8re l\u2019aurait appel\u00e9 pour remplacer Elliot Daly, bless\u00e9.\n            <\/p>\n<p>Et de quatre pour Owen Farrell\u00a0? L\u2019ouvreur anglais pourrait finalement \u00eatre appel\u00e9 par son paternel pour rejoindre la d\u00e9l\u00e9gation des Lions britanniques et irlandais en Australie. \u00c7a serait sa quatri\u00e8me tourn\u00e9e\u00a0! D\u2019apr\u00e8s les informations du Telegraph, la blessure d\u2019Elliot Daly a un bras profiterait \u00e0 l\u2019ancien capitaine du XV de la Rose (2018-2023).<\/p>\n<p>Retour international<\/p>\n<p><a href=\"https:\/\/www.rugbyrama.fr\/2025\/07\/02\/tournee-des-lions-2025-les-lions-britanniques-enchainent-avec-une-victoire-facile-face-aux-reds-12800818.php\" target=\"_self\" rel=\"nofollow noopener\"><strong>L\u2019arri\u00e8re, qui peut \u00e9galement \u00e9voluer \u00e0 l\u2019aile et au centre, s\u2019est bless\u00e9 face aux Reds de Queensland<\/strong><\/a>. Si l\u2019ancien num\u00e9ro\u00a010 du Racing 92, ne le remplace pas poste par poste, il apporterait surtout son exp\u00e9rience. L\u2019ailier des Saracens \u00e9tait un des trois seuls joueurs \u00e0 avoir d\u00e9j\u00e0 connu trois tourn\u00e9es (avec Tadhg Furlong et Maro Itoje). Alors qu\u2019il avait annonc\u00e9 sa retraite internationale et n\u2019a plus jou\u00e9 avec le XV de la Rose depuis la Coupe du monde 2023, Owen Farrell avait laiss\u00e9 la porte ouverte \u00e0 une derni\u00e8re tourn\u00e9e avec les Lions. \u00ab\u00a0C\u2019est tr\u00e8s hypoth\u00e9tique, n\u2019est-ce pas\u00a0? Il faudrait que beaucoup de choses se passent, et je dois m\u2019assurer que je suis pr\u00eat \u00e0 partir si cela se produit. C\u2019est la seule chose qui compte\u00a0\u00bb, avait-il confi\u00e9 en juin \u00e0 nos confr\u00e8res du Telegraph. Dans un premier temps, il n\u2019\u00e9tait pas possible pour lui d\u2019\u00eatre convoqu\u00e9. Non s\u00e9lectionnable avec le XV de Rose car licenci\u00e9 dans un club fran\u00e7ais, le Racing 92, il n\u2019avait donc pas pu prendre part \u00e0 cette tourn\u00e9e. Mais tout a chang\u00e9 <strong><a href=\"https:\/\/www.rugbyrama.fr\/2025\/06\/16\/transferts-top-14-owen-farrell-quitte-le-racing-92-et-revient-aux-saracens-12765107.php\" target=\"_self\" rel=\"nofollow noopener\">depuis qu\u2019il est de nouveau\u00a0sous contrat avec les Saracens<\/a><\/strong>.<\/p>\n","protected":false},"excerpt":{"rendered":"Absent de la tourn\u00e9e des Lions britanniques et irlandais, Owen Farrell pourrait finalement accrocher le wagon. D\u2019apr\u00e8s le&hellip;\n","protected":false},"author":2,"featured_media":222685,"comment_status":"","ping_status":"","sticky":false,"template":"","format":"standard","meta":{"footnotes":""},"categories":[1416],"tags":[1011,27,479,1468,60],"class_list":{"0":"post-222684","1":"post","2":"type-post","3":"status-publish","4":"format-standard","5":"has-post-thumbnail","7":"category-rugby","8":"tag-fr","9":"tag-france","10":"tag-rugby","11":"tag-rugby-football","12":"tag-sports"},"share_on_mastodon":{"url":"https:\/\/pubeurope.com\/@fr\/114788330609286751","error":""},"_links":{"self":[{"href":"https:\/\/www.europesays.com\/fr\/wp-json\/wp\/v2\/posts\/222684","targetHints":{"allow":["GET"]}}],"collection":[{"href":"https:\/\/www.europesays.com\/fr\/wp-json\/wp\/v2\/posts"}],"about":[{"href":"https:\/\/www.europesays.com\/fr\/wp-json\/wp\/v2\/types\/post"}],"author":[{"embeddable":true,"href":"https:\/\/www.europesays.com\/fr\/wp-json\/wp\/v2\/users\/2"}],"replies":[{"embeddable":true,"href":"https:\/\/www.europesays.com\/fr\/wp-json\/wp\/v2\/comments?post=222684"}],"version-history":[{"count":0,"href":"https:\/\/www.europesays.com\/fr\/wp-json\/wp\/v2\/posts\/222684\/revisions"}],"wp:featuredmedia":[{"embeddable":true,"href":"https:\/\/www.europesays.com\/fr\/wp-json\/wp\/v2\/media\/222685"}],"wp:attachment":[{"href":"https:\/\/www.europesays.com\/fr\/wp-json\/wp\/v2\/media?parent=222684"}],"wp:term":[{"taxonomy":"category","embeddable":true,"href":"https:\/\/www.europesays.com\/fr\/wp-json\/wp\/v2\/categories?post=222684"},{"taxonomy":"post_tag","embeddable":true,"href":"https:\/\/www.europesays.com\/fr\/wp-json\/wp\/v2\/tags?post=222684"}],"curies":[{"name":"wp","href":"https:\/\/api.w.org\/{rel}","templated":true}]}}