{"id":222687,"date":"2025-07-03T08:22:11","date_gmt":"2025-07-03T08:22:11","guid":{"rendered":"https:\/\/www.europesays.com\/fr\/222687\/"},"modified":"2025-07-03T08:22:11","modified_gmt":"2025-07-03T08:22:11","slug":"basket-le-roannais-basket-feminin-confirme-en-region-la-fin-du-club","status":"publish","type":"post","link":"https:\/\/www.europesays.com\/fr\/222687\/","title":{"rendered":"Basket. Le Roannais Basket F\u00e9minin confirm\u00e9 en R\u00e9gion, la fin du club\u00a0?"},"content":{"rendered":"<p>La chambre d\u2019appel de la f\u00e9d\u00e9ration fran\u00e7aise de basket-ball (FFBB) a confirm\u00e9 la d\u00e9cision de sa commission de contr\u00f4le et de gestion de r\u00e9trograder le Roannais Basket F\u00e9minin en championnat de ligue r\u00e9gionale. L\u2019avenir du club est plus que jamais en p\u00e9ril.<\/p>\n<p>Cette fois, l\u2019\u00e9tau se resserre. Le Roannais Basket F\u00e9minin a \u00e9vit\u00e9 r\u00e9cemment <a href=\"https:\/\/www.leprogres.fr\/sport\/2025\/05\/23\/le-roannais-basket-feminin-echappe-a-la-liquidation-judiciaire\" target=\"_blank\" rel=\"noopener\">la liquidation judiciaire<\/a> mais sa r\u00e9trogradation en r\u00e9gion risque de sonner le glas du club. Le comit\u00e9 directeur se r\u00e9unira ce mercredi soir pour d\u00e9cider des suites \u00e0 donner.<\/p>\n<p>  R\u00e9union de crise ce mercredi soir<\/p>\n<p>\u00ab\u00a0Je suis d\u00e9pit\u00e9, on avait un plan de sauvegarde viable sur les quatre ans \u00e0 venir \u00e0 condition de repartir en NF2. En r\u00e9gion, ce sera impossible\u00a0\u00bb, lance Eric Leclerc, copr\u00e9sident du RBF.<\/p>\n<p>Il a raison car en repartant en r\u00e9gion, le club va (beaucoup) perdre en subventions publiques et s\u00fbrement aussi en partenariat priv\u00e9, sans parler de la Halle Vacheresse que le club perdra certainement aussi, avec les recettes r\u00e9ceptions. Son alter ego Pierre Vacher est d\u2019avis d\u2019aller au bout de la proc\u00e9dure en allant au CNOSF \u00ab\u00a0car notre plan financier est viable\u00a0\u00bb.<\/p>\n<p>Et quitte \u00e0 devoir repartir en r\u00e9gion, les dirigeants se poseront forc\u00e9ment la question aussi de la liquidation du club, l\u2019un des fleurons de la formation chez les f\u00e9minines. Mais reste que le RBF a une \u00e9quipe U18 Elite en ordre de marche. Eric Leclerc, par ailleurs sponsor du club, devrait d\u00e9missionner apr\u00e8s la r\u00e9union de crise ce mercredi soir.<\/p>\n<p>Par ailleurs, le BCM a vu aussi son appel rejet\u00e9. Il ne pourra pas \u00eatre rep\u00each\u00e9 en NM2 et devra jouer en NM3. RBF, BCM, Feurs, le basket lig\u00e9rien souffre \u00e0 travers ces clubs qui sont autant de fiefs de la balle orange.<\/p>\n","protected":false},"excerpt":{"rendered":"La chambre d\u2019appel de la f\u00e9d\u00e9ration fran\u00e7aise de basket-ball (FFBB) a confirm\u00e9 la d\u00e9cision de sa commission de&hellip;\n","protected":false},"author":2,"featured_media":222688,"comment_status":"","ping_status":"","sticky":false,"template":"","format":"standard","meta":{"footnotes":""},"categories":[1414],"tags":[1465,1791,1464,16734,1011,27,9838,20195,517,60],"class_list":{"0":"post-222687","1":"post","2":"type-post","3":"status-publish","4":"format-standard","5":"has-post-thumbnail","7":"category-basket","8":"tag-basket","9":"tag-basket-ball","10":"tag-basketball","11":"tag-edition-loire-nord","12":"tag-fr","13":"tag-france","14":"tag-roanne","15":"tag-roanne-ville","16":"tag-sport","17":"tag-sports"},"share_on_mastodon":{"url":"https:\/\/pubeurope.com\/@fr\/114788338609641989","error":""},"_links":{"self":[{"href":"https:\/\/www.europesays.com\/fr\/wp-json\/wp\/v2\/posts\/222687","targetHints":{"allow":["GET"]}}],"collection":[{"href":"https:\/\/www.europesays.com\/fr\/wp-json\/wp\/v2\/posts"}],"about":[{"href":"https:\/\/www.europesays.com\/fr\/wp-json\/wp\/v2\/types\/post"}],"author":[{"embeddable":true,"href":"https:\/\/www.europesays.com\/fr\/wp-json\/wp\/v2\/users\/2"}],"replies":[{"embeddable":true,"href":"https:\/\/www.europesays.com\/fr\/wp-json\/wp\/v2\/comments?post=222687"}],"version-history":[{"count":0,"href":"https:\/\/www.europesays.com\/fr\/wp-json\/wp\/v2\/posts\/222687\/revisions"}],"wp:featuredmedia":[{"embeddable":true,"href":"https:\/\/www.europesays.com\/fr\/wp-json\/wp\/v2\/media\/222688"}],"wp:attachment":[{"href":"https:\/\/www.europesays.com\/fr\/wp-json\/wp\/v2\/media?parent=222687"}],"wp:term":[{"taxonomy":"category","embeddable":true,"href":"https:\/\/www.europesays.com\/fr\/wp-json\/wp\/v2\/categories?post=222687"},{"taxonomy":"post_tag","embeddable":true,"href":"https:\/\/www.europesays.com\/fr\/wp-json\/wp\/v2\/tags?post=222687"}],"curies":[{"name":"wp","href":"https:\/\/api.w.org\/{rel}","templated":true}]}}