{"id":222689,"date":"2025-07-03T08:23:10","date_gmt":"2025-07-03T08:23:10","guid":{"rendered":"https:\/\/www.europesays.com\/fr\/222689\/"},"modified":"2025-07-03T08:23:10","modified_gmt":"2025-07-03T08:23:10","slug":"motogp-pas-de-rivalite-malsaine-chez-les-marquez-la-famille-avant-le-titre","status":"publish","type":"post","link":"https:\/\/www.europesays.com\/fr\/222689\/","title":{"rendered":"MotoGP, Pas de rivalit\u00e9 malsaine chez les Marquez : \u00ab La famille avant le titre \u00bb"},"content":{"rendered":"<p class=\"my-0\">Chez Gresini, Alex Marquez r\u00e9alise une saison 2025 qui force le respect. Longtemps dans l\u2019ombre de son a\u00een\u00e9, il s\u2019impose d\u00e9sormais comme son premier rival au championnat, encha\u00eenant les podiums et les doubl\u00e9s avec Marc. Malgr\u00e9 leur relation, les deux fr\u00e8res luttent cependant chacun pour leurs propres int\u00e9r\u00eats, r\u00eavant chacun de titre mondial.<\/p>\n<p class=\"my-0\">Apr\u00e8s Assen, Marc Marquez occupe toujours une place de leader au championnat, soutenu par l\u2019\u00e9quipe officielle Ducati, tandis qu\u2019Alex d\u00e9fend les couleurs du satellite Gresini. Mais la r\u00e9gularit\u00e9 du cadet impressionne : neuf fois deuxi\u00e8me en Sprint, il a \u00e9galement sign\u00e9 cinq deuxi\u00e8mes places en Course, et compte une victoire sur chaque format. Des performances qui permettent \u00e0 Gresini d\u2019afficher un bilan bien plus fort que l\u2019an dernier, au m\u00eame stade de la saison.<\/p>\n<p class=\"my-0\">Devant les m\u00e9dias, Marc Marquez reconna\u00eet la valeur de son fr\u00e8re, mais surtout sa surprise quant aux r\u00e9sultats qu\u2019il affiche : \u00ab Il reste beaucoup de courses, mais je le dis, moi l\u2019ann\u00e9e derni\u00e8re je n\u2019ai pas fait aussi bien qu\u2019Alex cette ann\u00e9e. Et je flatte un rival, mais en m\u00eame temps, c\u2019est mon fr\u00e8re. Il se bat avec une moto de l\u2019ann\u00e9e derni\u00e8re, et vous allez me dire qu\u2019elles sont identiques maintenant. Mais c\u2019est une \u00e9quipe satellite. \u00bb<\/p>\n<p><a href=\"https:\/\/www.europesays.com\/fr\/wp-content\/uploads\/2025\/07\/54606398521_d3a942c3a9_c.jpg\" data-lbwps-width=\"800\" data-lbwps-height=\"533\" data-lbwps-srcsmall=\"https:\/\/www.autohebdo.fr\/app\/uploads\/2025\/06\/54606398521_d3a942c3a9_c-300x200.jpg\"><img fetchpriority=\"high\" decoding=\"async\" aria-describedby=\"caption-attachment-616091\" class=\"wp-image-616091\" src=\"https:\/\/www.europesays.com\/fr\/wp-content\/uploads\/2025\/07\/54606398521_d3a942c3a9_c.jpg\" alt=\"\" width=\"665\" height=\"443\"  \/><\/a><\/p>\n<p id=\"caption-attachment-616091\" class=\"wp-caption-text\">\u00a9 <a href=\"https:\/\/www.flickr.com\/photos\/michelin_motorcyle_racing\/54606398521\/in\/dateposted\/\" target=\"_blank\" rel=\"noopener\">Michelin Motorsports<\/a><\/p>\n<p>La famille avant le championnat<\/p>\n<p class=\"my-0\">Il insiste : \u00ab L\u2019ann\u00e9e derni\u00e8re, je me battais avec une \u00e9quipe satellite, contre les motos d\u2019usines, c\u2019est ce que fait Alex cette ann\u00e9e. Avec une \u00e9quipe satellite, il se bat contre les usines, et avec une moto de l\u2019ann\u00e9e derni\u00e8re. Il fait une tr\u00e8s bonne saison, c\u2019est mon fr\u00e8re, mais c\u2019est mon rival maintenant. \u00bb<\/p>\n<p>Entre les duels en piste, et les potentiels incidents qui peuvent survenir entre deux sportifs qui luttent pour le championnat, les \u00e9v\u00e9nements pourraient voir na\u00eetre une certaine tension entre les deux.<\/p>\n<p>Pourtant, malgr\u00e9 la comp\u00e9tition en piste, il ne laissera pas la comp\u00e9tition tourner au drame familial. Mais ce qui ressort au-dessus de la comp\u00e9tition, c\u2019est l\u2019attachement de Marc Marquez \u00e0 sa famille. \u00ab Malgr\u00e9 tout, la relation ne changera pas, parce que pour moi la famille passe avant tout titre mondial \u00bb, conclut-il.<\/p>\n<p><strong>\u00c0 LIRE AUSSI &gt;\u00a0<a href=\"https:\/\/www.autohebdo.fr\/actualites\/motogp\/motogp-johann-zarco-test-officiel-optimisme.html\" target=\"_blank\" rel=\"noopener\">Johann Zarco voit Honda \u00ab aller dans la bonne direction \u00bb apr\u00e8s le Test d\u2019Aragon<\/a><\/strong><\/p>\n","protected":false},"excerpt":{"rendered":"Chez Gresini, Alex Marquez r\u00e9alise une saison 2025 qui force le respect. Longtemps dans l\u2019ombre de son a\u00een\u00e9,&hellip;\n","protected":false},"author":2,"featured_media":222690,"comment_status":"","ping_status":"","sticky":false,"template":"","format":"standard","meta":{"footnotes":""},"categories":[1413],"tags":[1011,27,1457,1456,60,36185],"class_list":{"0":"post-222689","1":"post","2":"type-post","3":"status-publish","4":"format-standard","5":"has-post-thumbnail","7":"category-moto","8":"tag-fr","9":"tag-france","10":"tag-moto","11":"tag-motocycle","12":"tag-sports","13":"tag-v"},"share_on_mastodon":{"url":"https:\/\/pubeurope.com\/@fr\/114788342760934354","error":""},"_links":{"self":[{"href":"https:\/\/www.europesays.com\/fr\/wp-json\/wp\/v2\/posts\/222689","targetHints":{"allow":["GET"]}}],"collection":[{"href":"https:\/\/www.europesays.com\/fr\/wp-json\/wp\/v2\/posts"}],"about":[{"href":"https:\/\/www.europesays.com\/fr\/wp-json\/wp\/v2\/types\/post"}],"author":[{"embeddable":true,"href":"https:\/\/www.europesays.com\/fr\/wp-json\/wp\/v2\/users\/2"}],"replies":[{"embeddable":true,"href":"https:\/\/www.europesays.com\/fr\/wp-json\/wp\/v2\/comments?post=222689"}],"version-history":[{"count":0,"href":"https:\/\/www.europesays.com\/fr\/wp-json\/wp\/v2\/posts\/222689\/revisions"}],"wp:featuredmedia":[{"embeddable":true,"href":"https:\/\/www.europesays.com\/fr\/wp-json\/wp\/v2\/media\/222690"}],"wp:attachment":[{"href":"https:\/\/www.europesays.com\/fr\/wp-json\/wp\/v2\/media?parent=222689"}],"wp:term":[{"taxonomy":"category","embeddable":true,"href":"https:\/\/www.europesays.com\/fr\/wp-json\/wp\/v2\/categories?post=222689"},{"taxonomy":"post_tag","embeddable":true,"href":"https:\/\/www.europesays.com\/fr\/wp-json\/wp\/v2\/tags?post=222689"}],"curies":[{"name":"wp","href":"https:\/\/api.w.org\/{rel}","templated":true}]}}