{"id":222697,"date":"2025-07-03T08:28:12","date_gmt":"2025-07-03T08:28:12","guid":{"rendered":"https:\/\/www.europesays.com\/fr\/222697\/"},"modified":"2025-07-03T08:28:12","modified_gmt":"2025-07-03T08:28:12","slug":"la-grenouille-rousse-ode-a-la-nature-a-valloire-sur-cisse","status":"publish","type":"post","link":"https:\/\/www.europesays.com\/fr\/222697\/","title":{"rendered":"La grenouille rousse, \u00ab\u00a0Ode \u00e0 la nature\u00a0\u00bb \u00e0 Valloire-sur-Cisse"},"content":{"rendered":"<p>Une monumentale grenouille rousse a pris ses quartiers au bord du plan d\u2019eau de Valloire-sur-Cisse. Taill\u00e9e dans la pierre, cette sculpture imposante s\u2019accompagne d\u2019un panneau informatif. Elle rend hommage \u00e0 un h\u00f4te discret mais fondamental de nos zones humides\u00a0: la grenouille rousse. Ce modeste amphibien, aujourd\u2019hui en p\u00e9ril, voit son habitat menac\u00e9 par l\u2019ass\u00e8chement des zones humides, le comblement des mares et la pollution des milieux aquatiques. Face \u00e0 ce constat, la commune a souhait\u00e9 agir. Elle a confi\u00e9 la r\u00e9alisation de c&#8230; <\/p>\n<p>    Cet article a \u00e9t\u00e9 tronqu\u00e9. Abonnez-vous pour lire l&rsquo;article complet sur notre site.<\/p>\n<p style=\"margin: 0 !important; padding: 0 !important; font-size: 12px !important;\">Cet article a \u00e9t\u00e9 tronqu\u00e9. Abonnez-vous pour lire l&rsquo;article complet.<\/p>\n<p>    <a href=\"https:\/\/www.lanouvellerepublique.fr\/abonnements\" style=\"display: inline-block; margin-top: 5px !important; padding: 6px 12px !important; background: #cb1c27; color: white; text-decoration: none; border-radius: 4px; font-size: 12px !important;\" target=\"_blank\" rel=\"noopener\"><br \/>\n      S&rsquo;abonner<br \/>\n    <\/a><\/p>\n","protected":false},"excerpt":{"rendered":"Une monumentale grenouille rousse a pris ses quartiers au bord du plan d\u2019eau de Valloire-sur-Cisse. Taill\u00e9e dans la&hellip;\n","protected":false},"author":2,"featured_media":222698,"comment_status":"","ping_status":"","sticky":false,"template":"","format":"standard","meta":{"footnotes":""},"categories":[1358],"tags":[1392,1348,1384,1385,1386,58,59,436,1349,1011,27,1393,36186],"class_list":{"0":"post-222697","1":"post","2":"type-post","3":"status-publish","4":"format-standard","5":"has-post-thumbnail","7":"category-arts-et-design","8":"tag-a-la-une-local","9":"tag-arts","10":"tag-arts-and-design","11":"tag-arts-et-design","12":"tag-design","13":"tag-divertissement","14":"tag-entertainment","15":"tag-environnement","16":"tag-expositions","17":"tag-fr","18":"tag-france","19":"tag-loisirs","20":"tag-valloire-sur-cisse"},"share_on_mastodon":{"url":"https:\/\/pubeurope.com\/@fr\/114788362379713158","error":""},"_links":{"self":[{"href":"https:\/\/www.europesays.com\/fr\/wp-json\/wp\/v2\/posts\/222697","targetHints":{"allow":["GET"]}}],"collection":[{"href":"https:\/\/www.europesays.com\/fr\/wp-json\/wp\/v2\/posts"}],"about":[{"href":"https:\/\/www.europesays.com\/fr\/wp-json\/wp\/v2\/types\/post"}],"author":[{"embeddable":true,"href":"https:\/\/www.europesays.com\/fr\/wp-json\/wp\/v2\/users\/2"}],"replies":[{"embeddable":true,"href":"https:\/\/www.europesays.com\/fr\/wp-json\/wp\/v2\/comments?post=222697"}],"version-history":[{"count":0,"href":"https:\/\/www.europesays.com\/fr\/wp-json\/wp\/v2\/posts\/222697\/revisions"}],"wp:featuredmedia":[{"embeddable":true,"href":"https:\/\/www.europesays.com\/fr\/wp-json\/wp\/v2\/media\/222698"}],"wp:attachment":[{"href":"https:\/\/www.europesays.com\/fr\/wp-json\/wp\/v2\/media?parent=222697"}],"wp:term":[{"taxonomy":"category","embeddable":true,"href":"https:\/\/www.europesays.com\/fr\/wp-json\/wp\/v2\/categories?post=222697"},{"taxonomy":"post_tag","embeddable":true,"href":"https:\/\/www.europesays.com\/fr\/wp-json\/wp\/v2\/tags?post=222697"}],"curies":[{"name":"wp","href":"https:\/\/api.w.org\/{rel}","templated":true}]}}