{"id":22270,"date":"2025-04-13T13:28:11","date_gmt":"2025-04-13T13:28:11","guid":{"rendered":"https:\/\/www.europesays.com\/fr\/22270\/"},"modified":"2025-04-13T13:28:11","modified_gmt":"2025-04-13T13:28:11","slug":"a-allauch-aux-portes-de-marseille-le-maire-soppose-a-la-construction-de-logements-sociaux","status":"publish","type":"post","link":"https:\/\/www.europesays.com\/fr\/22270\/","title":{"rendered":"\u00c0 Allauch, aux portes de Marseille, le maire s\u2019oppose \u00e0 la construction de logements sociaux"},"content":{"rendered":"<p>Lionel de Cala, maire de cette commune de 20.000 habitants, s\u2019oppose \u00e0 la d\u00e9cision pr\u00e9fectorale qui impose de construire des immeubles destin\u00e9s au logement social. D\u00e9fendant la pr\u00e9servation de la qualit\u00e9 de vie et des espaces verts de sa ville, il a m\u00eame lanc\u00e9 une p\u00e9tition.<\/p>\n<p class=\"fig-paragraph\">Lionel de Cala ne d\u00e9col\u00e8re pas. \u00abJe ne pense pas qu\u2019agir ainsi permet d\u2019atteindre les objectifs de construction de<a href=\"http:\/\/www.lefigaro.fr\/story\/le-cri-d-alarme-d-un-petit-village-oblige-d-accueillir-des-logements-sociaux-supplementaires-20250408\" data-fig-type=\"Article\" data-gtm-custom-categorie=\"navigation\" data-gtm-custom-action=\"crossclick\" data-gtm-custom-label=\"Contextuel\" data-gtm-event=\"customEventSPE\" data-fig-domain=\"LEFIGARO\" target=\"_blank\" rel=\"noopener\">\u00a0logements sociaux\u00a0<\/a> et de travailler sereinement\u00bb, peste le maire LR d\u2019Allauch. Depuis le d\u00e9but du mois d\u2019avril, l\u2019\u00e9lu se dit \u00absous le choc\u00bb. \u00c0 la t\u00eate de cette petite commune de pr\u00e8s de 22.000 habitants aux portes de Marseille, connue pour son esprit villageois et son centre typiquement proven\u00e7al\u00a0<a href=\"http:\/\/www.lefigaro.fr\/marseille\/bouches-du-rhone-allauch-fait-le-plein-de-touristes-grace-a-plus-belle-la-vie-20240728\" data-fig-type=\"NewsFlash\" data-gtm-custom-categorie=\"navigation\" data-gtm-custom-action=\"crossclick\" data-gtm-custom-label=\"Contextuel\" data-gtm-event=\"customEventSPE\" data-fig-domain=\"LEFIGARO\" target=\"_blank\" rel=\"noopener\">qui sert de d\u00e9cors \u00e0 la s\u00e9rie Plus belle la vie<\/a>, Lionel de Cala s\u2019est vu imposer par le pr\u00e9fet de r\u00e9gion nouvellement arriv\u00e9 la construction de logements sociaux sur un terrain de la ville.<\/p>\n<p class=\"fig-paragraph\">Depuis le 27 mars dernier, un arr\u00eat\u00e9 pr\u00e9fectoral permet au pr\u00e9fet de devenir comp\u00e9tent pour d\u00e9livrer les autorisations d\u2019urbanisme sur une parcelle de 2.500 m\u00b2 \u00e0 Allauch, la commune \u00e9tant d\u00e9j\u00e0 carenc\u00e9e en mati\u00e8re de constructions de logement social. \u00abOn est \u00e0 7,5% et la loi (SRU) impose 25%, rapporte Lionel de Cala. Notre p\u00e9nalit\u00e9 financi\u00e8re a doubl\u00e9 l\u2019ann\u00e9e derni\u00e8re pour atteindre 1,2 million d\u2019euros.\u00bb<\/p>\n<p class=\"fig-paragraph\">\u00abIl faudrait que je construise 1800 logements du jour au lendemain\u00bb, temp\u00eate Lionel de Cala. \u00abMais je n\u2019ai pas la capacit\u00e9 d\u2019accueillir d\u2019un coup 5400 personnes suppl\u00e9mentaires sur une commune de pr\u00e8s de 22.000 habitants\u00a0! Est-ce qu\u2019il y aurait autant de places dans les \u00e9coles\u00a0? Est-ce que les services publics seraient augment\u00e9s dans les m\u00eames conditions\u00a0? Non\u00a0! Ce sera la qualit\u00e9 de vie qui en p\u00e2tira.\u00bb<\/p>\n<p>Pr\u00e8s de 4000 signatures en trois jours<\/p>\n<p class=\"fig-paragraph\">Le terrain vis\u00e9 par le pr\u00e9fet des Bouches-du-Rh\u00f4ne avait \u00e9t\u00e9 acquis par l\u2019\u00e9tablissement public foncier en vue d\u2019y b\u00e2tir du logement social en 2015, sous le pr\u00e9d\u00e9cesseur de Lionel de Cala. Le projet n\u2019a toutefois jamais vu le jour. \u00abLa commune d\u2019Allauch est compos\u00e9e \u00e0 80% d\u2019espaces naturels, souligne l\u2019actuel \u00e9dile. Il est hors de question de suivre le plan local d\u2019urbanisme intercommunal tel que d\u00e9fini par mon pr\u00e9d\u00e9cesseur avant mon \u00e9lection. Nous voulons garder une commune \u00e0 taille humaine et pr\u00e9server les terrains agricoles.\u00bb<\/p>\n<p class=\"fig-paragraph\">Pour Lionel de Cala, \u00abon ne peut pas faire du logement dans une commune comme Allauch comme on en fait dans Marseille ou dans une autre grande commune. Ce n\u2019est pas un refus du logement social par principe. Je pr\u00e9f\u00e9rerais en revanche, par exemple, r\u00e9nover le b\u00e2ti ancien de notre noyau villageois pour le transformer en logements sociaux.\u00bb<\/p>\n<p class=\"fig-paragraph\">Mardi 8 avril, le maire a d\u00e9cid\u00e9 de lancer une p\u00e9tition contre ce projet de logement social. En seulement trois jours, la p\u00e9tition a recueilli pr\u00e8s de 4000 signatures. \u00abCe terrain se trouve dans un secteur r\u00e9sidentiel enti\u00e8rement compos\u00e9 de maisons individuelles, rappelle Lionel de Cala. On ne peut pas construire des immeubles au milieu comme \u00e7a\u00a0!\u00bb Contact\u00e9e, la pr\u00e9fecture des Bouches-du-Rh\u00f4ne n\u2019a pas donn\u00e9 suite \u00e0 nos sollicitations.<\/p>\n","protected":false},"excerpt":{"rendered":"Lionel de Cala, maire de cette commune de 20.000 habitants, s\u2019oppose \u00e0 la d\u00e9cision pr\u00e9fectorale qui impose de&hellip;\n","protected":false},"author":2,"featured_media":22271,"comment_status":"","ping_status":"","sticky":false,"template":"","format":"standard","meta":{"footnotes":""},"categories":[2814],"tags":[1111,11,885,1182,1180,1181,1777,674,1011,27,1184,1185,6459,884,12,1177,1176,149,2844,1186,882,25,1178,1183,1179],"class_list":{"0":"post-22270","1":"post","2":"type-post","3":"status-publish","4":"format-standard","5":"has-post-thumbnail","7":"category-marseille","8":"tag-actu","9":"tag-actualites","10":"tag-bouches-du-rhone","11":"tag-calanques","12":"tag-canebiere","13":"tag-cite-phoceenne","14":"tag-eu","15":"tag-europe","16":"tag-fr","17":"tag-france","18":"tag-la-timone","19":"tag-les-baumettes-mediterranee","20":"tag-logements-sociaux","21":"tag-marseille","22":"tag-news","23":"tag-notre-dame-de-la-garde","24":"tag-olympique-de-marseille","25":"tag-om","26":"tag-petition","27":"tag-provence","28":"tag-provence-alpes-cote-dazur","29":"tag-republique-francaise","30":"tag-saint-charles","31":"tag-sormiou","32":"tag-vieux-port"},"share_on_mastodon":{"url":"https:\/\/pubeurope.com\/@fr\/114330894641256275","error":""},"_links":{"self":[{"href":"https:\/\/www.europesays.com\/fr\/wp-json\/wp\/v2\/posts\/22270","targetHints":{"allow":["GET"]}}],"collection":[{"href":"https:\/\/www.europesays.com\/fr\/wp-json\/wp\/v2\/posts"}],"about":[{"href":"https:\/\/www.europesays.com\/fr\/wp-json\/wp\/v2\/types\/post"}],"author":[{"embeddable":true,"href":"https:\/\/www.europesays.com\/fr\/wp-json\/wp\/v2\/users\/2"}],"replies":[{"embeddable":true,"href":"https:\/\/www.europesays.com\/fr\/wp-json\/wp\/v2\/comments?post=22270"}],"version-history":[{"count":0,"href":"https:\/\/www.europesays.com\/fr\/wp-json\/wp\/v2\/posts\/22270\/revisions"}],"wp:featuredmedia":[{"embeddable":true,"href":"https:\/\/www.europesays.com\/fr\/wp-json\/wp\/v2\/media\/22271"}],"wp:attachment":[{"href":"https:\/\/www.europesays.com\/fr\/wp-json\/wp\/v2\/media?parent=22270"}],"wp:term":[{"taxonomy":"category","embeddable":true,"href":"https:\/\/www.europesays.com\/fr\/wp-json\/wp\/v2\/categories?post=22270"},{"taxonomy":"post_tag","embeddable":true,"href":"https:\/\/www.europesays.com\/fr\/wp-json\/wp\/v2\/tags?post=22270"}],"curies":[{"name":"wp","href":"https:\/\/api.w.org\/{rel}","templated":true}]}}