{"id":222701,"date":"2025-07-03T08:30:10","date_gmt":"2025-07-03T08:30:10","guid":{"rendered":"https:\/\/www.europesays.com\/fr\/222701\/"},"modified":"2025-07-03T08:30:10","modified_gmt":"2025-07-03T08:30:10","slug":"tv-rmc-soffre-une-figure-de-la-chaine-lequipe","status":"publish","type":"post","link":"https:\/\/www.europesays.com\/fr\/222701\/","title":{"rendered":"TV : RMC s&rsquo;offre une figure de La Cha\u00eene L&rsquo;Equipe"},"content":{"rendered":"<p><strong>Apr\u00e8s avoir subi la perte de plusieurs figures historiques ces derni\u00e8res semaines, RMC contre-attaque. La station est proche de mettre la main sur Bertrand Latour mais aussi sur Carine Galli, ancienne membre de l&rsquo;After Foot.<\/strong><\/p>\n<p>Depuis le d\u00e9but de l&rsquo;\u00e9t\u00e9, les clubs de Ligue 1 ne sont pas les plus actifs au mercato. Ils sont devanc\u00e9s par les cha\u00eenes et radios fran\u00e7aises. Les mouvements sont tr\u00e8s nombreux dans les m\u00e9dias surtout avec l&rsquo;apparition de la cha\u00eene Ligue 1 cr\u00e9\u00e9e par la LFP. RMC a \u00e9t\u00e9 l&rsquo;un des grands perdants du mois de juin. La station appartenant \u00e0 l&rsquo;homme d&rsquo;affaires Rodolphe Saad\u00e9 a vu partir son embl\u00e9matique commentateur Jean Ress\u00e9gui\u00e9 ainsi que Nicolas Vilas ou encore Thibaut Giangrande. Des figures en passe d&rsquo;\u00eatre remplac\u00e9es dans les prochains jours.<\/p>\n<p>Carine Galli sur RMC la saison prochaine<\/p>\n<p>Selon l&rsquo;insider Mohamed Toubache-Ter, ce recrutement comprendra Bertrand Latour dont <a href=\"https:\/\/www.foot01.com\/info\/tv-bertrand-latour-fait-ses-adieux-a-canal-456442\" target=\"_blank\" rel=\"noopener\">le d\u00e9part de Canal+ est act\u00e9<\/a> mais aussi Carine Galli. C&rsquo;est un vrai \u00e9v\u00e8nement pour la journaliste qui \u00e9volue dans deux maisons bien distinctes en ce moment, La Cha\u00eene L&rsquo;Equipe et le groupe M6. Elle intervient r\u00e9guli\u00e8rement dans les \u00e9missions L&rsquo;Equipe du Soir et l&rsquo;Equipe de Greg dans lesquelles elle est parfois la pr\u00e9sentatrice. Sur M6, elle couvre les matchs de l&rsquo;Equipe de France f\u00e9minine en bord terrain.<\/p>\n<blockquote class=\"twitter-tweet\"><p>&#13;<\/p>\n<p lang=\"fr\" dir=\"ltr\">.<a href=\"https:\/\/twitter.com\/LatourBertrand?ref_src=twsrc%5Etfw\" target=\"_blank\" rel=\"noopener\">@LatourBertrand<\/a> d\u00e9barque chez RMC !!!!<\/p>\n<p>Carine Galli d\u00e9barque chez RMC !!!<a href=\"https:\/\/twitter.com\/hashtag\/MercatoTV?src=hash&amp;ref_src=twsrc%5Etfw\" target=\"_blank\" rel=\"noopener\">#MercatoTV<\/a><\/p>\n<p>&#13;<br \/>\n\u2014 Mohamed TOUBACHE-TER (@MohamedTERParis) <a href=\"https:\/\/twitter.com\/MohamedTERParis\/status\/1940460086625030453?ref_src=twsrc%5Etfw\" target=\"_blank\" rel=\"noopener\">July 2, 2025<\/a><\/p><\/blockquote>\n<p>Une arriv\u00e9e sur RMC signifiera pour elle la fin de ses missions pour M6, qui appartient \u00e0 RTL, et pour l&rsquo;Equipe. Elle ne fera donc pas partie du dispositif de la cha\u00eene pour la Coupe du monde 2026 aux Etats-Unis et pour la Coupe du monde f\u00e9minine 2027 au Br\u00e9sil. Carine Galli sur RMC, ce sera un retour aux sources pour la journaliste qui intervenait r\u00e9guli\u00e8rement dans l&rsquo;After Foot au d\u00e9but des ann\u00e9es 2010 aux c\u00f4t\u00e9s de Daniel Riolo, Rolland Courbis et Gilbert Brisbois. Elle pourrait retrouver ce r\u00f4le avec les nombreux postes laiss\u00e9s vacants dans l&rsquo;\u00e9mission footballistique de deuxi\u00e8me partie de soir\u00e9e.<\/p>\n<p>          <script async src=\"https:\/\/platform.twitter.com\/widgets.js\" charset=\"utf-8\"><\/script><\/p>\n","protected":false},"excerpt":{"rendered":"Apr\u00e8s avoir subi la perte de plusieurs figures historiques ces derni\u00e8res semaines, RMC contre-attaque. La station est proche&hellip;\n","protected":false},"author":2,"featured_media":222702,"comment_status":"","ping_status":"","sticky":false,"template":"","format":"standard","meta":{"footnotes":""},"categories":[1356],"tags":[58,59,1011,27,252,1364],"class_list":{"0":"post-222701","1":"post","2":"type-post","3":"status-publish","4":"format-standard","5":"has-post-thumbnail","7":"category-television","8":"tag-divertissement","9":"tag-entertainment","10":"tag-fr","11":"tag-france","12":"tag-television","13":"tag-tv"},"share_on_mastodon":{"url":"https:\/\/pubeurope.com\/@fr\/114788370321742488","error":""},"_links":{"self":[{"href":"https:\/\/www.europesays.com\/fr\/wp-json\/wp\/v2\/posts\/222701","targetHints":{"allow":["GET"]}}],"collection":[{"href":"https:\/\/www.europesays.com\/fr\/wp-json\/wp\/v2\/posts"}],"about":[{"href":"https:\/\/www.europesays.com\/fr\/wp-json\/wp\/v2\/types\/post"}],"author":[{"embeddable":true,"href":"https:\/\/www.europesays.com\/fr\/wp-json\/wp\/v2\/users\/2"}],"replies":[{"embeddable":true,"href":"https:\/\/www.europesays.com\/fr\/wp-json\/wp\/v2\/comments?post=222701"}],"version-history":[{"count":0,"href":"https:\/\/www.europesays.com\/fr\/wp-json\/wp\/v2\/posts\/222701\/revisions"}],"wp:featuredmedia":[{"embeddable":true,"href":"https:\/\/www.europesays.com\/fr\/wp-json\/wp\/v2\/media\/222702"}],"wp:attachment":[{"href":"https:\/\/www.europesays.com\/fr\/wp-json\/wp\/v2\/media?parent=222701"}],"wp:term":[{"taxonomy":"category","embeddable":true,"href":"https:\/\/www.europesays.com\/fr\/wp-json\/wp\/v2\/categories?post=222701"},{"taxonomy":"post_tag","embeddable":true,"href":"https:\/\/www.europesays.com\/fr\/wp-json\/wp\/v2\/tags?post=222701"}],"curies":[{"name":"wp","href":"https:\/\/api.w.org\/{rel}","templated":true}]}}