{"id":222715,"date":"2025-07-03T08:38:09","date_gmt":"2025-07-03T08:38:09","guid":{"rendered":"https:\/\/www.europesays.com\/fr\/222715\/"},"modified":"2025-07-03T08:38:09","modified_gmt":"2025-07-03T08:38:09","slug":"le-programme-retarde-dun-a-deux-ans-au-moins-selon-le-pentagone","status":"publish","type":"post","link":"https:\/\/www.europesays.com\/fr\/222715\/","title":{"rendered":"le programme retard\u00e9 \u00abd\u2019un \u00e0 deux ans au moins\u00bb, selon le Pentagone"},"content":{"rendered":"<p>Pour sa part, le directeur g\u00e9n\u00e9ral de l\u2019Agence internationale de l\u2019\u00e9nergie atomique (AIEA) a estim\u00e9 que l\u2019Iran disposait des capacit\u00e9s techniques pour recommencer \u00e0 enrichir de l\u2019uranium d\u2019ici \u00abquelques mois\u00bb.<\/p>\n<p class=\"fig-paragraph\"><a href=\"http:\/\/www.lefigaro.fr\/international\/le-programme-nucleaire-iranien-a-t-il-ete-detruit-par-les-frappes-americaines-20250622\" target=\"_blank\" data-fig-type=\"Article\" rel=\"noopener nofollow\" data-gtm-custom-categorie=\"navigation\" data-gtm-custom-action=\"crossclick\" data-gtm-custom-label=\"Contextuel\" data-gtm-event=\"customEventSPE\" data-fig-domain=\"LEFIGARO\">Le programme nucl\u00e9aire iranien<\/a>\u00a0a \u00e9t\u00e9 retard\u00e9 d&rsquo;environ deux ans par les\u00a0<a href=\"http:\/\/www.lefigaro.fr\/international\/frappes-americaines-en-iran-donald-trump-tente-par-un-renversement-du-regime-des-mollahs-20250623\" target=\"_blank\" data-fig-type=\"Article\" rel=\"noopener nofollow\" data-gtm-custom-categorie=\"navigation\" data-gtm-custom-action=\"crossclick\" data-gtm-custom-label=\"Contextuel\" data-gtm-event=\"customEventSPE\" data-fig-domain=\"LEFIGARO\">frappes am\u00e9ricaines<\/a>\u00a0men\u00e9es par Donald Trump, selon des \u00e9valuations du renseignement am\u00e9ricain, a indiqu\u00e9 le Pentagone mercredi.<\/p>\n<p class=\"fig-paragraph\">\u00abNous avons retard\u00e9 leur programme d&rsquo;un \u00e0 deux ans au moins, c&rsquo;est ce qu&rsquo;\u00e9valuent les services de renseignement du minist\u00e8re\u00bb de la D\u00e9fense, a d\u00e9clar\u00e9 le porte-parole du Pentagone Sean Parnell. \u00abNous pensons que c&rsquo;est probablement plus proche de deux ans\u00bb, a-t-il ajout\u00e9.<\/p>\n<p>                                    <a class=\"fig-a11y-skip a11y-hidden\" href=\"#fig-a11y-skip-main-inarticle\"><br \/>\n        Passer la publicit\u00e9<br \/>\n    <\/a><\/p>\n<p class=\"fig-paragraph\">Depuis les bombardements am\u00e9ricains contre les sites nucl\u00e9aires de\u00a0<a href=\"http:\/\/www.lefigaro.fr\/international\/fordo-le-site-nucleaire-enfoui-qui-change-les-perspectives-de-l-offensive-israelienne-20250618\" target=\"_blank\" data-fig-type=\"Article\" rel=\"noopener nofollow\" data-gtm-custom-categorie=\"navigation\" data-gtm-custom-action=\"crossclick\" data-gtm-custom-label=\"Contextuel\" data-gtm-event=\"customEventSPE\" data-fig-domain=\"LEFIGARO\">Fordo<\/a>, Natanz et Ispahan il y a une dizaine de jours, en soutien \u00e0 l&rsquo;offensive isra\u00e9lienne, la question de leur efficacit\u00e9 reste incertaine. Donald Trump r\u00e9p\u00e8te que le programme nucl\u00e9aire de T\u00e9h\u00e9ran a \u00e9t\u00e9 \u00aban\u00e9anti\u00bb ou encore retard\u00e9 de \u00abplusieurs d\u00e9cennies\u00bb.<\/p>\n<p>\u00abD\u00e9cimant, an\u00e9antissant, d\u00e9truisant\u00bb<\/p>\n<p class=\"fig-paragraph\">Son ministre de la D\u00e9fense\u00a0<a href=\"http:\/\/www.lefigaro.fr\/international\/pete-hegseth-le-secretaire-a-la-defense-de-trump-fragilise-par-un-deuxieme-signalgate-20250421\" target=\"_blank\" data-fig-type=\"Article\" rel=\"noopener nofollow\" data-gtm-custom-categorie=\"navigation\" data-gtm-custom-action=\"crossclick\" data-gtm-custom-label=\"Contextuel\" data-gtm-event=\"customEventSPE\" data-fig-domain=\"LEFIGARO\">Pete Hegseth\u00a0<\/a>s\u2019est vant\u00e9 fin juin d\u2019\u00abune action militaire d\u00e9cisive\u00bb qui \u00aba cr\u00e9\u00e9 les conditions pour mettre fin \u00e0 la guerre\u00bb entre Isra\u00ebl et Iran. \u00abEn d\u00e9cimant, an\u00e9antissant, d\u00e9truisant &#8211; choisissez le mot &#8211; les capacit\u00e9s nucl\u00e9aires iraniennes\u00bb, avait-il martel\u00e9.<\/p>\n<p class=\"fig-paragraph\">Mais un premier rapport pr\u00e9liminaire top secret du renseignement am\u00e9ricain, dont la presse am\u00e9ricaine a fait \u00e9tat la semaine pass\u00e9e, \u00e9tablissait lui que les frappes contre l&rsquo;Iran n&rsquo;avaient fait que ralentir son programme nucl\u00e9aire de quelques mois, sans n\u00e9anmoins le d\u00e9truire compl\u00e8tement.<\/p>\n<p class=\"fig-paragraph\">L&rsquo;Iran vient de rejeter une demande du directeur g\u00e9n\u00e9ral de l&rsquo;Agence internationale de l&rsquo;\u00e9nergie atomique (AIEA), Rafael Grossi, de visiter ses installations nucl\u00e9aires bombard\u00e9es, afin de pouvoir \u00e9tablir ce qu&rsquo;il est advenu de son stock d&rsquo;uranium enrichi \u00e0 un niveau proche du seuil de conception d&rsquo;une bombe atomique. Rafael Grossi a estim\u00e9 que l&rsquo;Iran disposait des capacit\u00e9s techniques pour recommencer \u00e0 enrichir de l&rsquo;uranium d&rsquo;ici \u00abquelques mois\u00bb.<\/p>\n","protected":false},"excerpt":{"rendered":"Pour sa part, le directeur g\u00e9n\u00e9ral de l\u2019Agence internationale de l\u2019\u00e9nergie atomique (AIEA) a estim\u00e9 que l\u2019Iran disposait&hellip;\n","protected":false},"author":2,"featured_media":222716,"comment_status":"","ping_status":"","sticky":false,"template":"","format":"standard","meta":{"footnotes":""},"categories":[5],"tags":[11,10733,1011,27,14,3019,12,5654,28],"class_list":{"0":"post-222715","1":"post","2":"type-post","3":"status-publish","4":"format-standard","5":"has-post-thumbnail","7":"category-international","8":"tag-actualites","9":"tag-aiea","10":"tag-fr","11":"tag-france","12":"tag-international","13":"tag-iran","14":"tag-news","15":"tag-nucleaire","16":"tag-world"},"share_on_mastodon":{"url":"https:\/\/pubeurope.com\/@fr\/114788401495507393","error":""},"_links":{"self":[{"href":"https:\/\/www.europesays.com\/fr\/wp-json\/wp\/v2\/posts\/222715","targetHints":{"allow":["GET"]}}],"collection":[{"href":"https:\/\/www.europesays.com\/fr\/wp-json\/wp\/v2\/posts"}],"about":[{"href":"https:\/\/www.europesays.com\/fr\/wp-json\/wp\/v2\/types\/post"}],"author":[{"embeddable":true,"href":"https:\/\/www.europesays.com\/fr\/wp-json\/wp\/v2\/users\/2"}],"replies":[{"embeddable":true,"href":"https:\/\/www.europesays.com\/fr\/wp-json\/wp\/v2\/comments?post=222715"}],"version-history":[{"count":0,"href":"https:\/\/www.europesays.com\/fr\/wp-json\/wp\/v2\/posts\/222715\/revisions"}],"wp:featuredmedia":[{"embeddable":true,"href":"https:\/\/www.europesays.com\/fr\/wp-json\/wp\/v2\/media\/222716"}],"wp:attachment":[{"href":"https:\/\/www.europesays.com\/fr\/wp-json\/wp\/v2\/media?parent=222715"}],"wp:term":[{"taxonomy":"category","embeddable":true,"href":"https:\/\/www.europesays.com\/fr\/wp-json\/wp\/v2\/categories?post=222715"},{"taxonomy":"post_tag","embeddable":true,"href":"https:\/\/www.europesays.com\/fr\/wp-json\/wp\/v2\/tags?post=222715"}],"curies":[{"name":"wp","href":"https:\/\/api.w.org\/{rel}","templated":true}]}}