{"id":222717,"date":"2025-07-03T08:39:10","date_gmt":"2025-07-03T08:39:10","guid":{"rendered":"https:\/\/www.europesays.com\/fr\/222717\/"},"modified":"2025-07-03T08:39:10","modified_gmt":"2025-07-03T08:39:10","slug":"le-grand-plan-pour-la-climatisation-de-marine-le-pen-ulcere-les-ecologistes-et-agace-agnes-pannier-runacher-liberation","status":"publish","type":"post","link":"https:\/\/www.europesays.com\/fr\/222717\/","title":{"rendered":"Le \u00abgrand plan pour la climatisation\u00bb de Marine Le\u00a0Pen ulc\u00e8re les Ecologistes et agace Agn\u00e8s Pannier-Runacher \u2013 Lib\u00e9ration"},"content":{"rendered":"<p class=\"sc-ksZaOG ehjQrN text-element\">Commander des climatiseurs, la derni\u00e8re proposition de Marine Le Pen pour faire face \u00e0 l\u2019urgence \u00e9cologique ? Alors que 84 d\u00e9partements \u00e9taient en vigilance orange lundi 30 juin, et que <a href=\"https:\/\/www.liberation.fr\/environnement\/climat\/en-direct-canicule-pres-de-40-degres-attendus-aujourdhui-a-paris-20250701_JSRVJJINGJESZGCPLCWPCUCD7M\/\" target=\"_blank\" rel=\"noreferrer nofollow noopener\" title=\"https:\/\/www.liberation.fr\/environnement\/climat\/en-direct-canicule-pres-de-40-degres-attendus-aujourdhui-a-paris-20250701_JSRVJJINGJESZGCPLCWPCUCD7M\/\">seize ont bascul\u00e9 en vigilance rouge<\/a> ce mardi, la triple candidate d\u2019extr\u00eame droite \u00e0 la pr\u00e9sidentielle a d\u00e9fendu l\u2019id\u00e9e, sur ses r\u00e9seaux sociaux, d\u2019un \u00abgrand plan d\u2019\u00e9quipement <a href=\"https:\/\/www.liberation.fr\/environnement\/climat\/climatisation-les-gaz-refrigerants-une-bombe-a-retardement-pour-lenvironnement-20230708_YN4YQUPUJFCK3IWV2FGWSWT4FI\/\" target=\"_blank\" rel=\"noreferrer nofollow noopener\" title=\"https:\/\/www.liberation.fr\/environnement\/climat\/climatisation-les-gaz-refrigerants-une-bombe-a-retardement-pour-lenvironnement-20230708_YN4YQUPUJFCK3IWV2FGWSWT4FI\/\">pour la climatisation<\/a>\u00bb. Ajoutant : \u00abJe le lancerai d\u00e8s notre arriv\u00e9e au pouvoir.\u00bb<\/p>\n<p class=\"sc-ksZaOG ehjQrN text-element\">Marine Le Pen d\u00e9plore que \u00ables services publics ne [soient] pas capables de fonctionner faute de climatisation, contrairement \u00e0 des dizaines de pays dans le monde\u00bb, et fustige un gouvernement qui marcherait \u00abencore sur la t\u00eate\u00bb en demandant \u00ab\u00e0 des familles d\u2019arr\u00eater de<\/p>\n","protected":false},"excerpt":{"rendered":"Commander des climatiseurs, la derni\u00e8re proposition de Marine Le Pen pour faire face \u00e0 l\u2019urgence \u00e9cologique ? Alors&hellip;\n","protected":false},"author":2,"featured_media":222718,"comment_status":"","ping_status":"","sticky":false,"template":"","format":"standard","meta":{"footnotes":""},"categories":[4],"tags":[11,2432,6698,1011,27,4729,430,12,25,36187],"class_list":{"0":"post-222717","1":"post","2":"type-post","3":"status-publish","4":"format-standard","5":"has-post-thumbnail","7":"category-france","8":"tag-actualites","9":"tag-agnes-pannier-runacher","10":"tag-canicule","11":"tag-fr","12":"tag-france","13":"tag-marine-tondelier","14":"tag-marine-le-pen","15":"tag-news","16":"tag-republique-francaise","17":"tag-services-publics"},"share_on_mastodon":{"url":"https:\/\/pubeurope.com\/@fr\/114788405315354509","error":""},"_links":{"self":[{"href":"https:\/\/www.europesays.com\/fr\/wp-json\/wp\/v2\/posts\/222717","targetHints":{"allow":["GET"]}}],"collection":[{"href":"https:\/\/www.europesays.com\/fr\/wp-json\/wp\/v2\/posts"}],"about":[{"href":"https:\/\/www.europesays.com\/fr\/wp-json\/wp\/v2\/types\/post"}],"author":[{"embeddable":true,"href":"https:\/\/www.europesays.com\/fr\/wp-json\/wp\/v2\/users\/2"}],"replies":[{"embeddable":true,"href":"https:\/\/www.europesays.com\/fr\/wp-json\/wp\/v2\/comments?post=222717"}],"version-history":[{"count":0,"href":"https:\/\/www.europesays.com\/fr\/wp-json\/wp\/v2\/posts\/222717\/revisions"}],"wp:featuredmedia":[{"embeddable":true,"href":"https:\/\/www.europesays.com\/fr\/wp-json\/wp\/v2\/media\/222718"}],"wp:attachment":[{"href":"https:\/\/www.europesays.com\/fr\/wp-json\/wp\/v2\/media?parent=222717"}],"wp:term":[{"taxonomy":"category","embeddable":true,"href":"https:\/\/www.europesays.com\/fr\/wp-json\/wp\/v2\/categories?post=222717"},{"taxonomy":"post_tag","embeddable":true,"href":"https:\/\/www.europesays.com\/fr\/wp-json\/wp\/v2\/tags?post=222717"}],"curies":[{"name":"wp","href":"https:\/\/api.w.org\/{rel}","templated":true}]}}