{"id":22272,"date":"2025-04-13T13:29:07","date_gmt":"2025-04-13T13:29:07","guid":{"rendered":"https:\/\/www.europesays.com\/fr\/22272\/"},"modified":"2025-04-13T13:29:07","modified_gmt":"2025-04-13T13:29:07","slug":"cette-reforme-meconnue-pourrait-bouleverser-les-elections-municipales-de-2026","status":"publish","type":"post","link":"https:\/\/www.europesays.com\/fr\/22272\/","title":{"rendered":"cette r\u00e9forme m\u00e9connue pourrait bouleverser les \u00e9lections municipales de 2026"},"content":{"rendered":"<p>            Par<br \/>\n        <strong><br \/>\n            <a href=\"https:\/\/actu.fr\/auteur\/theo-zuili\" title=\"Consulter tous les articles de Th\u00e9o Zuili\" rel=\"nofollow noopener\" target=\"_blank\">Th\u00e9o Zuili<\/a><br \/>\n        <\/strong><\/p>\n<p>        Publi\u00e9 le<\/p>\n<p>            13 avr. 2025 \u00e0 8h34        <\/p>\n<p>C\u2019est un d\u00e9tail qui pourrait <strong>tout changer lors des prochaines \u00e9lections<\/strong> <a href=\"https:\/\/actu.fr\/tag\/municipales-2026\" rel=\"nofollow noopener\" target=\"_blank\">municipales \u00e0 Lyon en 2026<\/a>. D\u00e9but avril 2025, les d\u00e9put\u00e9s <a href=\"https:\/\/actu.fr\/auvergne-rhone-alpes\/lyon_69123\/lyon-municipales-2026-la-loi-pour-changer-le-mode-de-scrutin-adoptee-par-l-assemblee_62490113.html\" rel=\"nofollow noopener\" target=\"_blank\">ont adopt\u00e9 en premi\u00e8re lecture<\/a> une proposition de loi r\u00e9formant le mode de scrutin des grandes villes \u00e0 arrondissements, dites \u00ab\u00a0PLM\u00a0\u00bb (Paris, Lyon, Marseille). La mesure doit encore \u00eatre d\u00e9battue au S\u00e9nat d\u2019ici juin.<\/p>\n<p class=\" wall-content\">En ligne de mire : un syst\u00e8me jug\u00e9 trop complexe, peu transparent, et parfois d\u00e9s\u00e9quilibr\u00e9. On vous explique concr\u00e8tement ce que \u00e7a pourrait changer.<\/p>\n<p>Une loi imparfaite depuis 1982<\/p>\n<p class=\" wall-content\">\u00c0 <a href=\"https:\/\/actu.fr\/auvergne-rhone-alpes\/lyon_69123\" rel=\"nofollow noopener\" target=\"_blank\">Lyon<\/a>, depuis la promulgation de la loi PLM en 1982, le maire <strong>n\u2019est pas \u00e9lu directement<\/strong> par les habitants, mais d\u00e9sign\u00e9 par le conseil municipal, issu lui-m\u00eame d\u2019un jeu d\u2019alliances entre listes d\u2019arrondissement.\u00a0<\/p>\n<p class=\" wall-content\">En 2020, les \u00e9lecteurs ont vot\u00e9 dans chaque arrondissement pour une liste de conseillers, et les \u00e9lus du haut de la liste sont partis si\u00e9ger \u00e0 la fois au conseil d\u2019arrondissement et au conseil municipal.<\/p>\n<p class=\" wall-content\">La loi PLM avait pour ambition de <strong>garantir un \u00e9quilibre<\/strong> entre les mairies centrales et les mairies d\u2019arrondissement. Mais elle a montr\u00e9 ses limites : un maire peut \u00eatre \u00e9lu en \u00e9tant minoritaire \u00e0 l\u2019\u00e9chelle de la ville, ou remporter la mairie gr\u00e2ce \u00e0 des arrondissements clefs, comme \u00e0 <a href=\"https:\/\/actu.fr\/marseille\/\" rel=\"nofollow noopener\" target=\"_blank\">Marseille<\/a> en 2020.<\/p>\n<p>Vid\u00e9os : en ce moment sur ActuUne multiplication des urnes<\/p>\n<p class=\" wall-content\">Le texte port\u00e9 par Sylvain Maillard (d\u00e9put\u00e9 Renaissance soutenu par le camp pr\u00e9sidentiel) propose une r\u00e9forme profonde : r\u00e9tablir <strong>un scrutin plus direct<\/strong> avec une logique voulue plus lisible pour les \u00e9lecteurs.<\/p>\n<p class=\" wall-content\">Troisi\u00e8me ville de France, Lyon fait figure d\u2019exception avec la particularit\u00e9 de sa M\u00e9tropole, collectivit\u00e9 \u00e0 statut particulier qui complexifie encore le scrutin. Le d\u00e9put\u00e9 MoDem Jean-Paul Matte\u00ef (Pyr\u00e9n\u00e9es-Atlantiques) avait d\u00e9pos\u00e9 un amendement \u00ab\u00a0visant \u00e0 <strong>exclure Lyon<\/strong> du champ de la r\u00e9forme\u00a0\u00bb face \u00e0 la multiplication des urnes, mais ses pairs ne l\u2019ont pas adopt\u00e9.<\/p>\n<p class=\" wall-content\">Cons\u00e9quence<strong> \u00e0 Lyon en 2026 : trois urnes<\/strong> dans les bureaux de vote. Les \u00e9lecteurs devraient \u00e9lire s\u00e9par\u00e9ment le maire de la Ville, la liste de leur arrondissement, et une liste m\u00e9tropolitaine en vue de l\u2019\u00e9lection du pr\u00e9sident de la M\u00e9tropole.<\/p>\n<p>Plus d\u2019opposition \u00e0 la mairie<\/p>\n<p class=\" wall-content\">Actuellement, les si\u00e8ges du conseil municipal \u00e0 Lyon et partout en France sont r\u00e9partis de mani\u00e8re proportionnelle, avec une prime majoritaire de 50 % \u00e0 la liste arriv\u00e9e en t\u00eate. De quoi faire en sorte d\u2019offrir au maire \u00e9lu une majorit\u00e9 \u00e9crasante.<\/p>\n<p class=\" wall-content\">L\u2019article vot\u00e9 propose d\u2019abaisser \u00e0 <strong>25% la prime majoritaire pour la liste arriv\u00e9e en t\u00eate<\/strong>. Un choix qui vise \u00e0 mieux r\u00e9partir les si\u00e8ges entre majorit\u00e9 et opposition.<\/p>\n<p>\u00c0 quoi serviront les arrondissements ?<\/p>\n<p class=\" wall-content\">Des partis comme <a href=\"https:\/\/actu.fr\/tag\/la-france-insoumise-lfi\" rel=\"nofollow noopener\" target=\"_blank\">LFI<\/a>, le <a href=\"https:\/\/actu.fr\/tag\/rassemblement-national-rn\" rel=\"nofollow noopener\" target=\"_blank\">RN<\/a> ou les socialistes marseillais soutiennent la r\u00e9forme. D\u2019autres, comme le PS ou les \u00e9cologistes \u00e0 Paris, craignent<strong> une perte de lien<\/strong> entre mairies d\u2019arrondissement et mairie centrale.<\/p>\n<p class=\" wall-content\">Les opposants craignent que la mairie centrale absorbe trop de pouvoirs, affaiblissant le r\u00f4le de proximit\u00e9 des arrondissements, alors que le mandat est d\u00e9j\u00e0 tr\u00e8s centralis\u00e9. Cette r\u00e9forme ferait tendre encore la bascule du c\u00f4t\u00e9 de la mairie de Lyon versus ses arrondissements.<\/p>\n<p class=\" wall-content\">\u00ab\u00a0Je veux rappeler l\u2019importance des mairies d\u2019arrondissement, qui doivent \u00eatre davantage au c\u0153ur de l\u2019action politique locale. Elles sont un relais essentiel pour l\u2019acc\u00e8s aux droits, la petite enfance, le p\u00e9riscolaire\u2026 Les affaiblir, <strong>c\u2019est affaiblir la R\u00e9publique<\/strong>\u00ab\u00a0, attaque <a href=\"https:\/\/actu.fr\/auvergne-rhone-alpes\/lyon_69123\/sandrine-runel-deputee-ps-du-rhone-je-regrette-les-choix-du-maire-de-lyon_62007940.html\" rel=\"nofollow noopener\" target=\"_blank\">Sandrine Runel<\/a>, d\u00e9put\u00e9e PS et ancienne adjointe au maire de Lyon.<\/p>\n<p class=\" wall-content\">La d\u00e9put\u00e9e a par ailleurs d\u00e9pos\u00e9 une autre proposition de loi en mars dernier visant \u00e0 mieux r\u00e9partir les 73 conseillers municipaux de Lyon entre les arrondissements, recalcul\u00e9s en fonction du nombre d\u2019habitants\u2026 dont la derni\u00e8re mise \u00e0 jour datait de 1982.<\/p>\n<p>\u00ab\u00a0Une man\u0153uvre politique\u00a0\u00bb d\u00e9nonc\u00e9e<\/p>\n<p class=\" wall-content\">Si le texte est pr\u00e9sent\u00e9 comme une avanc\u00e9e d\u00e9mocratique, la majorit\u00e9 municipale de Lyon y voit une man\u0153uvre politique<strong> \u00e0 moins d\u2019un an des \u00e9lections<\/strong>. Sandrine Runel d\u00e9nonce une r\u00e9forme \u00ab\u00a0pr\u00e9cipit\u00e9e, mal pr\u00e9par\u00e9e et sans concertation\u00a0\u00bb.<\/p>\n<blockquote class=\"ac-article-quote wall-content\">\n<p>La loi PLM a effectivement besoin d&rsquo;\u00e9volution, [&#8230;] mais cette \u00e9volution ne doit pas se faire au travers d&rsquo;un projet de loi \u00e9clair et m\u00e9rite du temps, du s\u00e9rieux, et surtout, de la concertation avec les villes concern\u00e9es et ses acteurs.<\/p>\n<p>    <strong>Sandrine Runel<\/strong><br \/>\n        D\u00e9put\u00e9e PS du Rh\u00f4ne, ex-adjointe au maire de Lyon    <\/p><\/blockquote>\n<p class=\" wall-content\">\u00ab\u00a0Une revanche, pas une r\u00e9forme\u00a0\u00bb : le maire de Lyon <a href=\"https:\/\/actu.fr\/tag\/gregory-doucet\" rel=\"nofollow noopener\" target=\"_blank\">Gr\u00e9gory Doucet<\/a> et son opposant LR <a href=\"https:\/\/actu.fr\/auvergne-rhone-alpes\/lyon_69123\/on-peut-gagner-lyon-pierre-oliver-lr-candidat-aux-municipales-ses-premieres-propositions_62417439.html\" rel=\"nofollow noopener\" target=\"_blank\">Pierre Oliver<\/a> accusent tous deux le camp pr\u00e9sidentiel de vouloir modifier le mode de scrutin \u00e0 des fins de \u00ab\u00a0tripatouillage \u00e9lectoral\u00a0\u00bb.<\/p>\n<p class=\" wall-content\">\u00ab\u00a0Changer les r\u00e8gles quand elles ne leurs sont pas favorables, voil\u00e0 un \u00e9tat d\u2019esprit qui s\u2019inscrit compl\u00e8tement dans la continuit\u00e9 de la politique macroniste men\u00e9e depuis huit ans\u00a0\u00bb, tance la d\u00e9put\u00e9e socialiste.<\/p>\n<p class=\" wall-content\">Suivez toute l\u2019actualit\u00e9 de vos villes et m\u00e9dias favoris en vous inscrivant \u00e0 <a href=\"https:\/\/moncompte.actu.fr\" title=\"D\u00e9couvez Mon Actu\" rel=\"nofollow noopener\" data-trk=\"{&quot;cta&quot;:{&quot;action&quot;:&quot;https:\\\/\\\/moncompte.actu.fr&quot;,&quot;category&quot;:&quot;mon compte&quot;,&quot;from&quot;:&quot;article footer&quot;,&quot;name&quot;:&quot;Mon actu&quot;,&quot;type&quot;:&quot;cta&quot;}}\" target=\"_blank\">Mon Actu<\/a>.<\/p>\n<ul class=\"ac-article-tag wall-content\">\n<li><a href=\"https:\/\/actu.fr\/tag\/gregory-doucet\" data-trk=\"{&quot;cta&quot;:{&quot;action&quot;:&quot;Gr\\u00e9gory Doucet&quot;,&quot;category&quot;:&quot;tag&quot;,&quot;from&quot;:&quot;article footer&quot;,&quot;name&quot;:&quot;Gr\\u00e9gory Doucet&quot;,&quot;type&quot;:&quot;cta&quot;}}\" rel=\"nofollow noopener\" target=\"_blank\">#Gr\u00e9gory Doucet<\/a><\/li>\n<li><a href=\"https:\/\/actu.fr\/tag\/municipales-2026\" data-trk=\"{&quot;cta&quot;:{&quot;action&quot;:&quot;Municipales 2026&quot;,&quot;category&quot;:&quot;tag&quot;,&quot;from&quot;:&quot;article footer&quot;,&quot;name&quot;:&quot;Municipales 2026&quot;,&quot;type&quot;:&quot;cta&quot;}}\" rel=\"nofollow noopener\" target=\"_blank\">#Municipales 2026<\/a><\/li>\n<\/ul>\n","protected":false},"excerpt":{"rendered":"Par Th\u00e9o Zuili Publi\u00e9 le 13 avr. 2025 \u00e0 8h34 C\u2019est un d\u00e9tail qui pourrait tout changer lors&hellip;\n","protected":false},"author":2,"featured_media":22273,"comment_status":"","ping_status":"","sticky":false,"template":"","format":"standard","meta":{"footnotes":""},"categories":[1889],"tags":[1111,11,2430,1777,674,1011,27,5226,2428,3434,12,316,25],"class_list":{"0":"post-22272","1":"post","2":"type-post","3":"status-publish","4":"format-standard","5":"has-post-thumbnail","7":"category-lyon","8":"tag-actu","9":"tag-actualites","10":"tag-auvergne-rhone-alpes","11":"tag-eu","12":"tag-europe","13":"tag-fr","14":"tag-france","15":"tag-gregory-doucet","16":"tag-lyon","17":"tag-municipales-2026","18":"tag-news","19":"tag-politique","20":"tag-republique-francaise"},"share_on_mastodon":{"url":"https:\/\/pubeurope.com\/@fr\/114330898546768666","error":""},"_links":{"self":[{"href":"https:\/\/www.europesays.com\/fr\/wp-json\/wp\/v2\/posts\/22272","targetHints":{"allow":["GET"]}}],"collection":[{"href":"https:\/\/www.europesays.com\/fr\/wp-json\/wp\/v2\/posts"}],"about":[{"href":"https:\/\/www.europesays.com\/fr\/wp-json\/wp\/v2\/types\/post"}],"author":[{"embeddable":true,"href":"https:\/\/www.europesays.com\/fr\/wp-json\/wp\/v2\/users\/2"}],"replies":[{"embeddable":true,"href":"https:\/\/www.europesays.com\/fr\/wp-json\/wp\/v2\/comments?post=22272"}],"version-history":[{"count":0,"href":"https:\/\/www.europesays.com\/fr\/wp-json\/wp\/v2\/posts\/22272\/revisions"}],"wp:featuredmedia":[{"embeddable":true,"href":"https:\/\/www.europesays.com\/fr\/wp-json\/wp\/v2\/media\/22273"}],"wp:attachment":[{"href":"https:\/\/www.europesays.com\/fr\/wp-json\/wp\/v2\/media?parent=22272"}],"wp:term":[{"taxonomy":"category","embeddable":true,"href":"https:\/\/www.europesays.com\/fr\/wp-json\/wp\/v2\/categories?post=22272"},{"taxonomy":"post_tag","embeddable":true,"href":"https:\/\/www.europesays.com\/fr\/wp-json\/wp\/v2\/tags?post=22272"}],"curies":[{"name":"wp","href":"https:\/\/api.w.org\/{rel}","templated":true}]}}