{"id":222721,"date":"2025-07-03T08:41:45","date_gmt":"2025-07-03T08:41:45","guid":{"rendered":"https:\/\/www.europesays.com\/fr\/222721\/"},"modified":"2025-07-03T08:41:45","modified_gmt":"2025-07-03T08:41:45","slug":"lextension-de-lecole-elementaire-de-la-vivaraize-dans-les-clous","status":"publish","type":"post","link":"https:\/\/www.europesays.com\/fr\/222721\/","title":{"rendered":"l\u2019extension de l\u2019\u00e9cole \u00e9l\u00e9mentaire de la Vivaraize dans les clous"},"content":{"rendered":"<p>Les fen\u00eatres des b\u00e2timents ont \u00e9t\u00e9 chang\u00e9es, l\u2019int\u00e9rieur des salles de classe r\u00e9nov\u00e9es, la toiture isol\u00e9e\u2026 Mais ce n\u2019est que le d\u00e9but du chantier pour l\u2019\u00e9cole \u00e9l\u00e9mentaire de la Vivaraize qui en avait bien besoin.<\/p>\n<p>Au fond de la deuxi\u00e8me cour de r\u00e9cr\u00e9ation, entre les deux premiers b\u00e2timents qui se font face, un troisi\u00e8me viendra bient\u00f4t les rejoindre pour les lier. Cette infrastructure permettra enfin aux enfants de l\u2019\u00e9cole primaire d\u2019avoir acc\u00e8s \u00e0 une cantine, eux qui jusqu\u2019alors, allaient d\u00e9jeuner dans celle de l\u2019\u00e9cole maternelle.<\/p>\n<p>  Un chantier \u00e0 5.4\u00a0millions d\u2019euros<\/p>\n<p>Elle comptera \u00e9galement trois nouvelles salles de classe suppl\u00e9mentaires, et accueillera deux unit\u00e9s d\u2019enseignements de l\u2019institut Plein Vent, pour les enfants sourds.<\/p>\n<p>Et surtout, un ascenseur, qui rendra l\u2019enti\u00e8ret\u00e9 de l\u2019\u00e9cole enfin accessible \u00e0 tous. Co\u00fbt des op\u00e9rations\u00a0: 5,4\u00a0millions d\u2019euros.<\/p>\n<p>\u00ab\u00a0Cette extension moderne et durable, r\u00e9alis\u00e9e avec des mat\u00e9riaux comme du bois venant de la r\u00e9gion Auvergne-Rh\u00f4ne-Alpes, pour limiter l\u2019empreinte carbone, sera aussi le r\u00e9sultat d\u2019un travail local, avec des ma\u00eetrises d\u2019\u0153uvres internes. Avec ce <a href=\"https:\/\/www.leprogres.fr\/economie\/2023\/06\/05\/quelles-ecoles-publiques-vont-etre-renovees-d-ici-2026\" target=\"_blank\" rel=\"noopener\">Plan \u00c9coles<\/a> dont ce chantier fait partie, nous montrons que nous croyons en nos enfants et que nous voulons leur offrir, ainsi qu\u2019\u00e0 leurs enseignants, les meilleures conditions d\u2019apprentissage et d\u2019enseignement possibles\u00a0\u00bb, d\u00e9taille Ga\u00ebl Perdriau, le maire.<\/p>\n<p>  Fin des travaux\u00a0: \u00e9t\u00e9 2026<\/p>\n<p>Ce chantier, r\u00e9alis\u00e9 en site occup\u00e9 pour la partie r\u00e9novation, poursuivra son cours pendant l\u2019\u00e9t\u00e9 pour la construction du nouveau b\u00e2timent, dont la partie la plus bruyante et d\u00e9rangeante.<\/p>\n<p>Pour Marie Allaix, directrice de l\u2019\u00e9cole, ces travaux \u00e9taient plus que n\u00e9cessaires. \u00ab\u00a0Nous en sommes heureux, m\u00eame si nous pensions que le changement des fen\u00eatres isolerait un peu plus les salles de classe, mais nous souffrons toujours autant de la chaleur. Avec ce nouveau b\u00e2timent, on esp\u00e8re que le bois nous prot\u00e9gera plus de la chaleur.\u00a0\u00bb<\/p>\n<p>Il faudra tout de m\u00eame attendre la rentr\u00e9e scolaire 2026 pour voir le r\u00e9sultat final, avec encore dix mois de travaux en site occup\u00e9 par les \u00e9l\u00e8ves et l\u2019\u00e9quipe \u00e9ducative.<\/p>\n","protected":false},"excerpt":{"rendered":"Les fen\u00eatres des b\u00e2timents ont \u00e9t\u00e9 chang\u00e9es, l\u2019int\u00e9rieur des salles de classe r\u00e9nov\u00e9es, la toiture isol\u00e9e\u2026 Mais ce&hellip;\n","protected":false},"author":2,"featured_media":222722,"comment_status":"","ping_status":"","sticky":false,"template":"","format":"standard","meta":{"footnotes":""},"categories":[9653],"tags":[1111,11,2430,4749,33,7539,1777,674,1011,27,12,25,4001,7538],"class_list":{"0":"post-222721","1":"post","2":"type-post","3":"status-publish","4":"format-standard","5":"has-post-thumbnail","7":"category-saint-etienne","8":"tag-actu","9":"tag-actualites","10":"tag-auvergne-rhone-alpes","11":"tag-btp-et-chantiers","12":"tag-economie","13":"tag-edition-loire-sud","14":"tag-eu","15":"tag-europe","16":"tag-fr","17":"tag-france","18":"tag-news","19":"tag-republique-francaise","20":"tag-saint-etienne","21":"tag-saint-etienne-ville"},"share_on_mastodon":{"url":"https:\/\/pubeurope.com\/@fr\/114788413277448153","error":""},"_links":{"self":[{"href":"https:\/\/www.europesays.com\/fr\/wp-json\/wp\/v2\/posts\/222721","targetHints":{"allow":["GET"]}}],"collection":[{"href":"https:\/\/www.europesays.com\/fr\/wp-json\/wp\/v2\/posts"}],"about":[{"href":"https:\/\/www.europesays.com\/fr\/wp-json\/wp\/v2\/types\/post"}],"author":[{"embeddable":true,"href":"https:\/\/www.europesays.com\/fr\/wp-json\/wp\/v2\/users\/2"}],"replies":[{"embeddable":true,"href":"https:\/\/www.europesays.com\/fr\/wp-json\/wp\/v2\/comments?post=222721"}],"version-history":[{"count":0,"href":"https:\/\/www.europesays.com\/fr\/wp-json\/wp\/v2\/posts\/222721\/revisions"}],"wp:featuredmedia":[{"embeddable":true,"href":"https:\/\/www.europesays.com\/fr\/wp-json\/wp\/v2\/media\/222722"}],"wp:attachment":[{"href":"https:\/\/www.europesays.com\/fr\/wp-json\/wp\/v2\/media?parent=222721"}],"wp:term":[{"taxonomy":"category","embeddable":true,"href":"https:\/\/www.europesays.com\/fr\/wp-json\/wp\/v2\/categories?post=222721"},{"taxonomy":"post_tag","embeddable":true,"href":"https:\/\/www.europesays.com\/fr\/wp-json\/wp\/v2\/tags?post=222721"}],"curies":[{"name":"wp","href":"https:\/\/api.w.org\/{rel}","templated":true}]}}