{"id":222725,"date":"2025-07-03T08:43:08","date_gmt":"2025-07-03T08:43:08","guid":{"rendered":"https:\/\/www.europesays.com\/fr\/222725\/"},"modified":"2025-07-03T08:43:08","modified_gmt":"2025-07-03T08:43:08","slug":"une-violente-bagarre-dans-un-foyer-de-nancy-fait-un-mort-ce-que-lon-sait","status":"publish","type":"post","link":"https:\/\/www.europesays.com\/fr\/222725\/","title":{"rendered":"Une violente bagarre dans un foyer de Nancy fait un mort : ce que l&rsquo;on sait"},"content":{"rendered":"<p>            Par<br \/>\n        <strong><br \/>\n            <a href=\"https:\/\/actu.fr\/auteur\/redaction-lorraine\" title=\"Consulter tous les articles de R\u00e9daction Lorraine\" rel=\"nofollow noopener\" target=\"_blank\">R\u00e9daction Lorraine<\/a><br \/>\n        <\/strong><\/p>\n<p>        Publi\u00e9 le<\/p>\n<p>            3 juil. 2025 \u00e0 10h03        <\/p>\n<p>Lundi 30\u00a0juin 2025, <strong>une rixe a eu lieu vers 22h30 dans le foyer \u00c9mile-Gall\u00e9<\/strong>, d\u00e9di\u00e9 aux personnes majeures, \u00e0 <a href=\"https:\/\/actu.fr\/grand-est\/nancy_54395\" rel=\"nofollow noopener\" target=\"_blank\">Nancy<\/a> (Meurthe-et-Moselle).<\/p>\n<p class=\" wall-content\"><strong>Un homme est d\u00e9c\u00e9d\u00e9 et deux autres personnes ont \u00e9t\u00e9 bless\u00e9es \u00e0 l\u2019arme blanche<\/strong>, a indiqu\u00e9 une source polici\u00e8re \u00e0 l\u2019AFP.<\/p>\n<p>Des coups de couteau port\u00e9s aux victimes<\/p>\n<p class=\" wall-content\">Les trois victimes \u00e9taient \u00e2g\u00e9es respectivement de 33, 43 et 79\u00a0ans, sans que l\u2019on sache \u00e0 ce stade lequel est mort et lesquels ont \u00e9t\u00e9 bless\u00e9s. <strong>L\u2019un des bless\u00e9s l\u2019a \u00e9t\u00e9 au thorax, l\u2019autre au bras<\/strong>, sans plus de pr\u00e9cisions sur la gravit\u00e9 des blessures.<\/p>\n<p class=\" wall-content\">L\u2019auteur des coups de couteau a \u00e9t\u00e9<strong> interpell\u00e9<\/strong> par la <a href=\"https:\/\/actu.fr\/tag\/police\" rel=\"nofollow noopener\" target=\"_blank\">police<\/a> et<strong> plac\u00e9 en garde \u00e0 vue<\/strong>.<\/p>\n<p class=\" wall-content\">Sollicit\u00e9, le parquet de Nancy n\u2019a pas apport\u00e9 de pr\u00e9cision dans l\u2019imm\u00e9diat.<\/p>\n<p>Vid\u00e9os : en ce moment sur Actu<\/p>\n<p class=\" wall-content\"><strong>Avec AFP<\/strong><\/p>\n<p class=\" wall-content\">Suivez toute l\u2019actualit\u00e9 de vos villes et m\u00e9dias favoris en vous inscrivant \u00e0 <a href=\"https:\/\/moncompte.actu.fr\" title=\"D\u00e9couvez Mon Actu\" rel=\"nofollow noopener\" data-trk=\"{&quot;cta&quot;:{&quot;action&quot;:&quot;https:\\\/\\\/moncompte.actu.fr&quot;,&quot;category&quot;:&quot;mon compte&quot;,&quot;from&quot;:&quot;article footer&quot;,&quot;name&quot;:&quot;Mon actu&quot;,&quot;type&quot;:&quot;cta&quot;}}\" target=\"_blank\">Mon Actu<\/a>.<\/p>\n","protected":false},"excerpt":{"rendered":"Par R\u00e9daction Lorraine Publi\u00e9 le 3 juil. 2025 \u00e0 10h03 Lundi 30\u00a0juin 2025, une rixe a eu lieu&hellip;\n","protected":false},"author":2,"featured_media":26108,"comment_status":"","ping_status":"","sticky":false,"template":"","format":"standard","meta":{"footnotes":""},"categories":[9635],"tags":[1111,11,1777,674,118,1011,27,775,303,1702,12,1072,25],"class_list":{"0":"post-222725","1":"post","2":"type-post","3":"status-publish","4":"format-standard","5":"has-post-thumbnail","7":"category-nancy","8":"tag-actu","9":"tag-actualites","10":"tag-eu","11":"tag-europe","12":"tag-faits-divers","13":"tag-fr","14":"tag-france","15":"tag-grand-est","16":"tag-justice","17":"tag-nancy","18":"tag-news","19":"tag-police","20":"tag-republique-francaise"},"share_on_mastodon":{"url":"https:\/\/pubeurope.com\/@fr\/114788421035866907","error":""},"_links":{"self":[{"href":"https:\/\/www.europesays.com\/fr\/wp-json\/wp\/v2\/posts\/222725","targetHints":{"allow":["GET"]}}],"collection":[{"href":"https:\/\/www.europesays.com\/fr\/wp-json\/wp\/v2\/posts"}],"about":[{"href":"https:\/\/www.europesays.com\/fr\/wp-json\/wp\/v2\/types\/post"}],"author":[{"embeddable":true,"href":"https:\/\/www.europesays.com\/fr\/wp-json\/wp\/v2\/users\/2"}],"replies":[{"embeddable":true,"href":"https:\/\/www.europesays.com\/fr\/wp-json\/wp\/v2\/comments?post=222725"}],"version-history":[{"count":0,"href":"https:\/\/www.europesays.com\/fr\/wp-json\/wp\/v2\/posts\/222725\/revisions"}],"wp:featuredmedia":[{"embeddable":true,"href":"https:\/\/www.europesays.com\/fr\/wp-json\/wp\/v2\/media\/26108"}],"wp:attachment":[{"href":"https:\/\/www.europesays.com\/fr\/wp-json\/wp\/v2\/media?parent=222725"}],"wp:term":[{"taxonomy":"category","embeddable":true,"href":"https:\/\/www.europesays.com\/fr\/wp-json\/wp\/v2\/categories?post=222725"},{"taxonomy":"post_tag","embeddable":true,"href":"https:\/\/www.europesays.com\/fr\/wp-json\/wp\/v2\/tags?post=222725"}],"curies":[{"name":"wp","href":"https:\/\/api.w.org\/{rel}","templated":true}]}}