{"id":222739,"date":"2025-07-03T08:53:09","date_gmt":"2025-07-03T08:53:09","guid":{"rendered":"https:\/\/www.europesays.com\/fr\/222739\/"},"modified":"2025-07-03T08:53:09","modified_gmt":"2025-07-03T08:53:09","slug":"le-conseil-municipal-lance-officiellement-le-parc-des-arts-de-rue-et-du-cirque","status":"publish","type":"post","link":"https:\/\/www.europesays.com\/fr\/222739\/","title":{"rendered":"le conseil municipal lance officiellement le Parc des arts de rue et du cirque"},"content":{"rendered":"<p>En d\u00e9but de semaine, les \u00e9lus de la Ville de Grenoble se sont r\u00e9unis en conseil municipal. Un sujet important a \u00e9t\u00e9 mis sur la table : le Parc des arts de rue et du cirque. Cela faisait dix ans que le projet \u00e9tait en r\u00e9flexion et il a (enfin) \u00e9t\u00e9 accept\u00e9 \u00e0 l\u2019unanimit\u00e9.<\/p>\n<p>Un chapiteau d\u00e9montable de neuf m\u00e8tres de hauteur et de 832m2 de surface verra donc le jour d\u00e8s le printemps 2026 sur la place situ\u00e9e entre le Prunier sauvage et le stade Bachelard, dans le quartier Mistral. Il accueillera des troupes et des artistes du monde entier.<\/p>\n<p>\u00ab\u00a0Les arts en espace public et les arts du cirque se d\u00e9veloppent dans notre bassin de vie, des artistes amateurs se professionnalisent, des artistes professionnels arrivent sur le territoire. Ils se sont structur\u00e9s en collectif, ils partagent, mutualisent, coop\u00e8rent. \u00c0 Grenoble, nous voulons soutenir cet \u00e9lan : nous sommes convaincus que l\u2019espace public est un lieu de vie \u00e0 part enti\u00e8re, un lieu de projet, de rencontre, de d\u00e9bat, un lieu d\u2019art et d\u2019\u00e9motion\u00a0\u00bb, a expliqu\u00e9 fi\u00e8rement Lucille Lheureux, adjointe \u00e0 la culture du maire \u00c9ric Piolle.<\/p>\n<p>Pour pouvoir r\u00e9aliser ce projet d\u2019envergure, la Ville de Grenoble a mis \u00e0 disposition une enveloppe de 500 000 euros. Des partenaires viendront compl\u00e9ter les 231 000 euros restants.<\/p>\n","protected":false},"excerpt":{"rendered":"En d\u00e9but de semaine, les \u00e9lus de la Ville de Grenoble se sont r\u00e9unis en conseil municipal. Un&hellip;\n","protected":false},"author":2,"featured_media":222740,"comment_status":"","ping_status":"","sticky":false,"template":"","format":"standard","meta":{"footnotes":""},"categories":[9566],"tags":[1111,11,7733,8279,2430,7736,650,7734,2889,2263,1777,674,1011,27,2731,8280,6417,1114,108,4662,12,3725,1825,25,7737],"class_list":{"0":"post-222739","1":"post","2":"type-post","3":"status-publish","4":"format-standard","5":"has-post-thumbnail","7":"category-grenoble","8":"tag-actu","9":"tag-actualites","10":"tag-alpes","11":"tag-alpes1","12":"tag-auvergne-rhone-alpes","13":"tag-cds","14":"tag-cinema","15":"tag-ecoute","16":"tag-emission","17":"tag-equipe","18":"tag-eu","19":"tag-europe","20":"tag-fr","21":"tag-france","22":"tag-grenoble","23":"tag-haute","24":"tag-information","25":"tag-infos","26":"tag-isere","27":"tag-journal","28":"tag-news","29":"tag-podcast","30":"tag-radio","31":"tag-republique-francaise","32":"tag-winamp"},"share_on_mastodon":{"url":"https:\/\/pubeurope.com\/@fr\/114788460327433714","error":""},"_links":{"self":[{"href":"https:\/\/www.europesays.com\/fr\/wp-json\/wp\/v2\/posts\/222739","targetHints":{"allow":["GET"]}}],"collection":[{"href":"https:\/\/www.europesays.com\/fr\/wp-json\/wp\/v2\/posts"}],"about":[{"href":"https:\/\/www.europesays.com\/fr\/wp-json\/wp\/v2\/types\/post"}],"author":[{"embeddable":true,"href":"https:\/\/www.europesays.com\/fr\/wp-json\/wp\/v2\/users\/2"}],"replies":[{"embeddable":true,"href":"https:\/\/www.europesays.com\/fr\/wp-json\/wp\/v2\/comments?post=222739"}],"version-history":[{"count":0,"href":"https:\/\/www.europesays.com\/fr\/wp-json\/wp\/v2\/posts\/222739\/revisions"}],"wp:featuredmedia":[{"embeddable":true,"href":"https:\/\/www.europesays.com\/fr\/wp-json\/wp\/v2\/media\/222740"}],"wp:attachment":[{"href":"https:\/\/www.europesays.com\/fr\/wp-json\/wp\/v2\/media?parent=222739"}],"wp:term":[{"taxonomy":"category","embeddable":true,"href":"https:\/\/www.europesays.com\/fr\/wp-json\/wp\/v2\/categories?post=222739"},{"taxonomy":"post_tag","embeddable":true,"href":"https:\/\/www.europesays.com\/fr\/wp-json\/wp\/v2\/tags?post=222739"}],"curies":[{"name":"wp","href":"https:\/\/api.w.org\/{rel}","templated":true}]}}