{"id":222752,"date":"2025-07-03T09:01:16","date_gmt":"2025-07-03T09:01:16","guid":{"rendered":"https:\/\/www.europesays.com\/fr\/222752\/"},"modified":"2025-07-03T09:01:16","modified_gmt":"2025-07-03T09:01:16","slug":"que-faire-a-nantes-ce-week-end-du-3-au-6-juillet-2025-big-city-nantes","status":"publish","type":"post","link":"https:\/\/www.europesays.com\/fr\/222752\/","title":{"rendered":"Que faire \u00e0 Nantes ce week-end du 3 au 6 juillet 2025 ? \u2013 Big City Nantes"},"content":{"rendered":"<p>Aaaah c\u2019est enfin les grandes vacances et ce week-end s\u2019annonce carr\u00e9ment estival \u00e0 <strong>Nantes\u00a0<\/strong>! Entre la chaleur, les festivals, les soir\u00e9es blindtest\u2026 on ne va clairement pas s\u2019ennuyer. On t\u2019a m\u00eame rep\u00e9r\u00e9 quelques bons plans pour profiter \u00e0 fond de l\u2019\u00e9t\u00e9. Tu ne sais pas quoi faire ? Jette un \u0153il \u00e0 notre petite s\u00e9lection, \u00e7a devrait te plaire \ud83d\ude09<\/p>\n<p>Que Faire \u00e0 Nantes ce week-end : le programme des sorties du jeudi 3 au dimanche 6 juillet 2025<\/p>\n<p>Encore un week-end qui s\u2019annonce tr\u00e8s festif du 3 au 6 juillet 2025 \u00e0 Nantes ! On commence fort avec le<strong> <a href=\"https:\/\/www.facebook.com\/events\/969157298254031\/\" target=\"_blank\" rel=\"noopener\">March\u00e9 Drag &amp; Queer<\/a><\/strong> au <strong>Little Atlantique Brewery<\/strong>. Envie de tester tes classiques ? Viens au <strong><a href=\"https:\/\/www.bigcitynantes.fr\/agenda\/blind-test-hit-machin-x-la-chaumiere-tubes-du-grenier-dj-set-frange-gall\/\" target=\"_blank\" rel=\"noopener\">Blind Test ext\u00e9rieur<\/a> <\/strong>sp\u00e9cial tubes du grenier \u00e0 <strong>La Chaumi\u00e8re<\/strong> ! Plus disco ? Rendez-vous \u00e0 la <strong><a href=\"https:\/\/www.facebook.com\/events\/1019186776594955\/?acontext=%7B%22event_action_history%22%3A[%7B%22surface%22%3A%22external_search_engine%22%7D%2C%7B%22mechanism%22%3A%22attachment%22%2C%22surface%22%3A%22newsfeed%22%7D]%2C%22ref_notif_type%22%3Anull%7D\" target=\"_blank\" rel=\"noopener\">roller disco g\u00e9ante<\/a><\/strong> au <strong>Magmaa<\/strong>. Pour les amateurs d\u2019\u00e9lectro, il y a <strong><a href=\"https:\/\/www.facebook.com\/events\/704778378823589\/?acontext=%7B%22ref%22%3A%2252%22%2C%22action_history%22%3A%22[%7B%5C%22surface%5C%22%3A%5C%22share_link%5C%22%2C%5C%22mechanism%5C%22%3A%5C%22share_link%5C%22%2C%5C%22extra_data%5C%22%3A%7B%5C%22invite_link_id%5C%22%3A2554347368237490%7D%7D]%22%7D\" target=\"_blank\" rel=\"noopener\">les vendredis du Mag<\/a> <\/strong>avec HI FI GEN au <strong>Magnum<\/strong>. C\u00f4t\u00e9 festivit\u00e9 tu es servi ! Retrouve le <strong><a href=\"https:\/\/www.facebook.com\/events\/956740933129050\" target=\"_blank\" rel=\"noopener\">festival Afroverso<\/a> <\/strong>chez<strong> Les Nantais<\/strong>, le festival de <strong>La Nuit de l\u2019Erdre<\/strong>, le festival <strong>Au Foin de la Rue<\/strong>. Et comme on t\u2019avait promis des bons plans, profite de trajet \u00e0 petit prix pour te rendre aux festivals avec le<strong> <a href=\"https:\/\/www.ter.sncf.com\/pays-de-la-loire\/tarifs-cartes\/petits-prix\/billet-live\" target=\"_blank\" rel=\"noopener\">billet live Al\u00e9op en TER<\/a> <\/strong>! Et en parlant de bons plans, profite du <strong><a href=\"https:\/\/www.ter.sncf.com\/pays-de-la-loire\/tarifs-cartes\/petits-prix\/forfait-multi\" target=\"_blank\" rel=\"noopener\">Forfait Multi<\/a> <\/strong>pour partir en vacances ! Et pour une journ\u00e9e d\u2019\u00e9vasion \u00e0 deux pas de Nantes passe une journ\u00e9e \u00e0 Carquefou et rend toi au <a href=\"https:\/\/fracdespaysdelaloire.com\/\" target=\"_blank\" rel=\"noopener\"><strong>FRAC<\/strong> <\/a>pour l\u2019expo : Word Is Round. Bref, le programme s\u2019annonce tr\u00e8s charg\u00e9 ce week-end !<\/p>\n<p>Et \u00e7a, c\u2019est qu\u2019un aper\u00e7u\u2026\u00a0<strong>Regarde la liste ci-dessous<\/strong>\u00a0pour ne rien manquer, et surtout,\u00a0on te souhaite un <strong>bon week-end \u00e0 Nantes<\/strong>\u00a0\u2764\ufe0f<\/p>\n<p><img decoding=\"async\" class=\"lazyload wp-block-cover__image-background wp-image-112113 size-full\" alt=\"\" src=\"https:\/\/www.europesays.com\/fr\/wp-content\/uploads\/2025\/07\/A4_Borchure_Mockup_7-1.png\" style=\"object-position:56% 70%\" data-object-fit=\"cover\" data-object-position=\"56% 70%\"\/>commandez le passeport de l&rsquo;ap\u00e9ro<br \/>95\u20ac de consos offertes !  Tout le week-endVendredi, samedi et dimanche   Une journ\u00e9e estivale \u00e0 Carquefou entre balade, culture et food !  Profite de ce week-end estival pour te rendre \u00e0 <strong>Carquefou<\/strong> pour une journ\u00e9e avec des activit\u00e9s tr\u00e8s cool \u00e0 d\u00e9couvrir. Au programme, une expo au <strong>FRAC, <\/strong>le parcours artistique\u00a0<strong>Art &amp; Nature<\/strong> aux Renaudi\u00e8res, pause gourmande dans la halle gourmande <strong>Carquefood<\/strong> et ap\u00e9ro en bord d&rsquo;Erdre \u00e0 <strong>La Cabane De Port-Jean<\/strong>.<\/p>\n<p> <strong>O\u00f9<\/strong>Multi-sites<br \/><strong>Quand<\/strong>27 juin 2025<br \/><strong>Tarif<\/strong>Gratuit <\/p>\n<p>  Pars en vacances avec le Forfait Multi !  Ce week-end c\u2019est les vacances d\u2019\u00e9t\u00e9 ! Et si tu en profitais pour partir en escapade ? Gr\u00e2ce au <strong>forfait MULTI Al\u00e9op en TER<\/strong>, tu profites d\u2019 offre avantageuse pour explorer la r\u00e9gion sans te ruiner. Il te permet de voyager de <strong>1 \u00e0 5 personnes<\/strong>, de mani\u00e8re <strong>illimit\u00e9e<\/strong> sur tout le r\u00e9seau TER Pays de La Loire pendant un \u00e0 deux jours, pour 30 ou 45\u20ac.<\/p>\n<p> <strong>O\u00f9<\/strong>Multi-sites<br \/><strong>Quand<\/strong>demain<br \/><strong>Tarif<\/strong>Payant<\/p>\n<p>  Jeudi, Vendredi, Samedi et  Dimanche   Festival de la Nuit de l\u2019Erdre  Vald, Sting, Vladimir Cauchemar, L&rsquo;imp\u00e9ratrice, Colt, Philippe Katerine&#8230; Une programmation qui envoie du lourd pour cette 25\u00e8me \u00e9dition de folie de <strong>la Nuit de l&rsquo;Erdre<\/strong> du <strong>3 au 6 juillet<\/strong> prochain. Un festival de tr\u00e8s grosse envergure\u00a0dans une\u00a0ambiance bon enfant,\u00a0\u00e7a ne se manque pas&#8230; Nort-sur-Erdre est \u00e0 moins de 45 minutes de Nantes en train ! Et pour t\u2019y rendre, profite du bon plan TER Pays de la Loire avec un billet\u00a0<strong>live Al\u00e9op<\/strong>\u00a0\u00e0 seulement 5\u20ac le trajet !<\/p>\n<p> <strong>O\u00f9<\/strong>Parc du Port Mulon<br \/><strong>Quand<\/strong>aujourd\u2019hui<br \/><strong>Tarif<\/strong>Payant<\/p>\n<p>  Vendredi   Les Vendredis du Mag\u2019 au Magnum  <strong>Vendredi 4 juillet,<\/strong> Le <strong>Magnum<\/strong> organise<strong> Les Vendredis du Mag\u2019<\/strong> avec un live aux inspirations \u00c9lectro, Disco ou Hip-hop de HI FI GEN. Pour les absents, pas de panique, le Magnum organise Les Vendredis du Mag, tous les vendredis soir d\u2019\u00e9t\u00e9 \ud83d\ude09<\/p>\n<p> <strong>O\u00f9<\/strong>Magnum Bistro<br \/><strong>Quand<\/strong>demain<br \/><strong>Tarif<\/strong>Gratuit <\/p>\n<p>  La Saveur est de retour \u00e0 Ohm Town  La Saveur revient \u00e0 <strong>Ohm Town<\/strong> le <strong>vendredi 4 juillet 2025<\/strong> et \u00e7a s\u2019annonce tr\u00e8s cool\u00a0! Une soir\u00e9e 100% RnB &amp; N\u00e9oSoul, sign\u00e9e par le collectif La Saveur.<\/p>\n<p> <strong>O\u00f9<\/strong>OHM Town<br \/><strong>Quand<\/strong>demain<br \/><strong>Tarif<\/strong>Gratuit <\/p>\n<p>  Blind test Hit-Machin X La Chaumi\u00e8re : Tubes du grenier +DJ set Frange Gall <\/p>\n<p>Le<strong> Hit Machin<\/strong> s&rsquo;associe avec<strong> La Chaumi\u00e8re<\/strong> pour un blind-test ext\u00e9rieur sp\u00e9cial tubes du grenier le <strong>4 juillet. <\/strong>Et \u00e7a s&rsquo;annonce tr\u00e8s cool ! Pour cette occasion, ils ont ressorti des bons gros tubes (presque) oubli\u00e9s, des hits plus ou moins assum\u00e9s mais toujours aussi efficaces pour faire danser et chanter ! Au programme, blind-test ext\u00e9rieur par \u00e9quipe de 8 max et la p\u00e9tulante Frange Gall qui enflammera le dancefloor avec une s\u00e9lection de 45 tours aux petits oignons !<\/p>\n<p> <strong>O\u00f9<\/strong>La Chaumi\u00e8re<br \/><strong>Quand<\/strong>demain<br \/><strong>Horaires<\/strong>De 19h00 \u00e0 22h00<br \/><strong>Tarif<\/strong>Prix libre<\/p>\n<p>  La croisi\u00e8re Les valseuses d\u00e9barque \u00e0 Nantes  La <strong>croisi\u00e8re Musicale Nocturne Les Valseuses<\/strong> est de retour le <strong>vendredi 4 juillet<\/strong>. Avec 4 heures de navigation sur la Loire \u00e0 bord de l\u2019Iroko, entre coucher de soleil et nuit tomb\u00e9e. Au programme, DJs et artistes locaux,&#8230; le tout dans une ambiance chaleureuse et festive !<\/p>\n<p> <strong>O\u00f9<\/strong>Gare Maritime<br \/><strong>Quand<\/strong>demain<br \/><strong>Tarif<\/strong>Payant<\/p>\n<p>  March\u00e9 Nocturne \u00e0 deux pas de Nantes  Tous les <strong>premiers vendredis du mois<\/strong> de juin \u00e0 ao\u00fbt, retrouves un <strong>March\u00e9 Nocturne<\/strong> tr\u00e8s cool sur la Place de la Mairie \u00e0 Donges de 17h30 \u00e0 22h avec animation musicale et ch\u00e2teau gonflable gratuit.<\/p>\n<p> <strong>O\u00f9<\/strong>Place Armand Morvan \u2013 BP30, 44480 Donges, France<br \/><strong>Quand<\/strong>demain<br \/><strong>Tarif<\/strong>Gratuit <\/p>\n<p>  Allez viens ! Cirque Barbette  <strong>\u00ab\u202fAllez viens !\u202f\u00bb<\/strong>, c\u2019est le nouveau nom de \u00ab\u202f\u00c0 Mercredi !\u202f\u00bb. Il te propose toujours des concerts et spectacles gratuits en plein air dans une ambiance ultra conviviale ! rendez-vous le<strong> 4 juillet Place Fran\u00e7ois Mitterrand \u00e0 Rez\u00e9.<\/strong> \u00a0  \u00a0  \u00a0<\/p>\n<p> <strong>O\u00f9<\/strong>Place Fran\u00e7ois Mitterrand 44400 Rez\u00e9<br \/><strong>Quand<\/strong>demain<br \/><strong>Tarif<\/strong>Gratuit <\/p>\n<p>  USE-IT Nantes #7  <strong>USE-IT Nantes<\/strong> est de retour pour une septi\u00e8me \u00e9dition. La soir\u00e9e de lancement se d\u00e9roule le <strong>vendredi 4 juillet<\/strong> \u00e0 l\u2019<strong>Atelier Dulcie September<\/strong> (ancienne \u00c9cole des Beaux-Arts, quartier Bouffay). Au programme, la toute nouvelle carte-guide USE-IT Nantes 2025, des cartes USE-IT venues d\u2019ailleurs, une tombola, de la s\u00e9rigraphie sur corps, un grand quiz surprise,\u2026<\/p>\n<p> <strong>O\u00f9<\/strong>Atelier Dulcie September<br \/><strong>Quand<\/strong>demain<br \/><strong>Tarif<\/strong>Gratuit <\/p>\n<p>  Vendredi et  Samedi   Festival Au Foin de la Rue  Pour sa <strong>24e \u00e9dition<\/strong>, le<strong> festival Au Foin de la Rue<\/strong> te donne rendez-vous les <strong>4 et 5 juillet 2025 \u00e0 Saint-Denis-de-Gastines en Mayenne<\/strong>. Profite d&rsquo;une vingtaine de concerts avec en affiche, Philippe Katerine, Hugo TSR, Dali, Fatboy Slim, Ben Mazu\u00e9,\u2026. Le site est enti\u00e8rement sc\u00e9nographi\u00e9 et il y a m\u00eame un espace d\u00e9di\u00e9 aux arts de la rue\u2026 le tout, dans une ambiance chaleureuse et festive. Et pour t\u2019y rendre, profite du bon plan TER Pays de la Loire avec un billet\u00a0<strong>live Al\u00e9op<\/strong>\u00a0\u00e0 seulement 5\u20ac le trajet !<\/p>\n<p> <strong>O\u00f9<\/strong>festival Au Foin de la Rue<br \/><strong>Quand<\/strong>demain<br \/><strong>Tarif<\/strong>Payant<\/p>\n<p>  Festival Carr\u00e9ment Caravane  Carr\u00e9ment Caravane revient \u00e0 la caserne Mellinet pour une \u00e9dition 2025 encore plus festive ! Les <strong>4 et 5 juillet<\/strong>, retrouve <strong>deux jours de spectacles, concerts, entresorts et surprises en tous genres<\/strong> t\u2019attendent dans ce campement joyeusement mont\u00e9 par les b\u00e9n\u00e9voles de la G\u00e9n\u00e9rale. Ambiance guinguette, esprit de f\u00eate et soleil d\u2019\u00e9t\u00e9 garantis.<\/p>\n<p> <strong>O\u00f9<\/strong>Caserne Mellinet<br \/><strong>Quand<\/strong>demain<br \/><strong>Tarif<\/strong>Prix libre<\/p>\n<p>  Samedi   Le festival Afroverso d\u00e9barque \u00e0 Nantes  <strong>Samedi 5 juillet<\/strong>, le<strong> festival Afroverso<\/strong> d\u00e9barque chez <strong>Les Nantais<\/strong> pour une premi\u00e8re \u00e9dition qui s\u2019annonce tr\u00e8s cool ! Au programme, 5 exposants : Masai market (accessoires du Kenya), Begha by Rina (v\u00eatements africains), Afripe (mode africaine, upcycling), KDV Design (mode africaine), Elegance africaine (v\u00eatements africains contemporain), concert de Tom Select &amp; Sam de Bord, DJ set par Ralph l\u2019avatar et foodtruck !<\/p>\n<p> <strong>O\u00f9<\/strong>Les Nantais<br \/><strong>Quand<\/strong>apr\u00e8s-demain<br \/><strong>Tarif<\/strong>Gratuit <\/p>\n<p>  Festival Les Agit\u00e9s d\u2019la Cale \u00e0 Rez\u00e9  <strong>Le samedi 5 juillet<\/strong>, \u00e7a va bouger du c\u00f4t\u00e9 du Quai de l&rsquo;\u00e9chouage \u00e0 Rez\u00e9 avec un journ\u00e9e de festivit\u00e9s pour le festival <strong>Les Agit\u00e9s d&rsquo;la Cale<\/strong> ! Au programme : friperie, petite brocante, upcycling, vinyles, atelier musique pour les enfants, DJ Set, bar \u00e0 hu\u00eetres, foodtrucks&#8230; et bien s\u00fbr bonne ambiance !<\/p>\n<p> <strong>O\u00f9<\/strong>Quai de l\u2019\u00e9chouage \u00e0 Rez\u00e9<br \/><strong>Quand<\/strong>apr\u00e8s-demain<br \/><strong>Horaires<\/strong>De 11h00 \u00e0 23h59<br \/><strong>Tarif<\/strong>Gratuit <\/p>\n<p>  La plus grande soir\u00e9e Roller Disco de l\u2019\u00e9t\u00e9 \u00e0 Nantes ! <\/p>\n<p> Le samedi 5 juillet de 17h a\u0300 23h, <strong>Magmaa Food Hall<\/strong> te donne rendez-vous pour une <strong>roller disco ge\u0301ante<\/strong> \ud83c\udf89. Si tu re\u0302ves de patiner sous les lumie\u0300res colore\u0301es en mode funky, c\u2019est l\u2019e\u0301ve\u0301nement a\u0300 ne pas manquer !<\/p>\n<p> <strong>O\u00f9<\/strong>Magmaa Food Hall<br \/><strong>Quand<\/strong>apr\u00e8s-demain<br \/><strong>Horaires<\/strong>De 17h00 \u00e0 23h30<br \/><strong>Tarif<\/strong>Gratuit <\/p>\n<p>  Open Air Kluster \u00e0 La Chaumi\u00e8re  L\u2019association <strong>Kluster<\/strong> d\u00e9barque le <strong>5 juillet<\/strong> \u00e0 <strong>La Chaumi\u00e8re<\/strong> et \u00e7a s\u2019annonce tr\u00e8s cool\u00a0! Au programme, bo.ald, AMADOU, Gabbor et Keut.<\/p>\n<p> <strong>O\u00f9<\/strong>La Chaumi\u00e8re<br \/><strong>Quand<\/strong>apr\u00e8s-demain<br \/><strong>Tarif<\/strong>Prix libre<\/p>\n<p>  Dernier vide atelier Docteur Paper  Le derni\u00e8re<strong> vide atelier de Docteur Paper<\/strong>, c\u2019est <strong>samedi 5 juillet<\/strong>. Pour cette occasion, ils ont vid\u00e9 les tiroirs, fouill\u00e9 les archives, ouvert les cartons oubli\u00e9s\u2026 pour te d\u00e9nicher les meilleurs p\u00e9pites.<\/p>\n<p> <strong>O\u00f9<\/strong>4 Rue de la Ville en Bois, 44100 Nantes, France<br \/><strong>Quand<\/strong>apr\u00e8s-demain<br \/><strong>Tarif<\/strong>Gratuit <\/p>\n<p>  Concert sauvage : Les Diggers  <strong>Samedi 5 juillet \u00e0 partir de 19h<\/strong>, retrouve un <strong>concert sauvage<\/strong> devant <strong>Le Ferrailleur<\/strong> ! Au programme, le groupe de surfpunk fran\u00e7ais Les Diggers. Comme toujours, c&rsquo;est gratos !  \u00a0  \u00a0<\/p>\n<p> <strong>O\u00f9<\/strong>Le Ferrailleur<br \/><strong>Quand<\/strong>apr\u00e8s-demain<br \/><strong>Tarif<\/strong>Gratuit <\/p>\n<p>  Samedi et  Dimanche   Festival Piano Perch\u00e9 au Parc de la Roseraie  <strong>Les 5 et 6 juillet 2025<\/strong>, le Parc de la Roseraie accueille le retour magique de Piano Perch\u00e9. Des concerts suspendus, des artistes venus d\u2019un peu partout, des ateliers, \u00e0 manger, \u00e0 boire\u2026 et une ambiance joyeusement perch\u00e9\u00b7e ! Une parenth\u00e8se musicale et po\u00e9tique \u00e0 vivre les pieds dans l\u2019herbe et la t\u00eate dans les branches.<\/p>\n<p> <strong>O\u00f9<\/strong>Parc de la Roseraie<br \/><strong>Quand<\/strong>apr\u00e8s-demain<br \/><strong>Tarif<\/strong>Gratuit <\/p>\n<p>  March\u00e9 Drag &amp; Queer de Nantes <\/p>\n<p>Le plus grand \u00e9v\u00e8nement drag de France revient pour la troisi\u00e8me fois \u00e0 Nantes, mais cette fois-ci : pour un weekend entier<strong> les 5 et 6 juillet !<\/strong> Viens approvisionner ou r\u00e9approvisionner ton placard drag, ou simplement fl\u00e2ner \u00e0 la recherche d&rsquo;un cadeau pour toi-m\u00eame ou un\u22c5e proche tout en soutenant la communaut\u00e9 LGBT ! <strong>Au programme : une cinquantaine d&rsquo;exposant\u22c5e\u22c5s, des drag shows, des tables rondes, des ateliers, de l&rsquo;art queer, et bien \u00e9videmment de la musique, des bi\u00e8res et des cocktails tout au long de la journ\u00e9e.<\/strong><\/p>\n<p> <strong>O\u00f9<\/strong>Little Atlantique Brewery<br \/><strong>Quand<\/strong>apr\u00e8s-demain<br \/><strong>Horaires<\/strong>De 12h00 \u00e0 23h00<br \/><strong>Tarif<\/strong>Gratuit <\/p>\n<p>  Le festival UrbanVoices d\u00e9barque \u00e0 Nantes  Apr\u00e8s des mois de pr\u00e9paration, le <strong>festival UrbanVoices<\/strong> d\u00e9barque au<strong> Parc des Expositions les 5 et 6 juillet<\/strong>. Au programme, plus de 1 000 choristes, un DJ set, des musiciens br\u00e9siliens,&#8230;<\/p>\n<p> <strong>O\u00f9<\/strong>Parc des Expositions Nantes<br \/><strong>Quand<\/strong>apr\u00e8s-demain<br \/><strong>Tarif<\/strong>Gratuit <\/p>\n<p>  Dimanche   Vide-grenier de l\u2019asso TINHI KMOU  <strong>Le dimanche 6 juillet<\/strong>, l\u2019asso TINHI KMOU organise un grand vide-greniers rue S\u0153ur Emmanuelle \u00e0 Nantes. Au programme : 120 exposants, des stands tenus par des particuliers et l\u2019asso, une buvette et de quoi grignoter. De 9h \u00e0 18h, viens chiner et soutenir une bonne cause !<\/p>\n<p> <strong>O\u00f9<\/strong>Rue Soeur Emmanuelle<br \/><strong>Quand<\/strong>6 juillet 2025<br \/><strong>Horaires<\/strong>De 09h00 \u00e0 18h00<br \/><strong>Tarif<\/strong>Gratuit <\/p>\n<p>  ACCALMIE : Open Air en mixit\u00e9 choisie avec Feaith, Flora et Naajet <\/p>\n<p>Le <strong>dimanche 6 juillet de 16h \u00e0 21h30<\/strong>, Feaith, Flora et Naajet prennent d\u2019assaut la sc\u00e8ne ext\u00e9rieure de OHM Town. Un line up et un public compos\u00e9 uniquement de minorit\u00e9s de genre pour cr\u00e9er un \u00e9v\u00e9nement exempte de discriminations sexistes ou LGBTQIA+phobes. Une parenth\u00e8se en forme de respiration, pour redonner la place \u00e0 celleux qui sont trop souvent menac\u00e9\u00b7es dans nos espaces festifs et qui m\u00e9ritent plus que jamais d&rsquo;\u00eatre respect\u00e9\u00b7es et de pouvoir danser en toute libert\u00e9.<\/p>\n<p> <strong>O\u00f9<\/strong>OHM Town<br \/><strong>Quand<\/strong>6 juillet 2025<br \/><strong>Horaires<\/strong>De 16h00 \u00e0 21h30<br \/><strong>Tarif<\/strong>Prix libre<\/p>\n<p>  March\u00e9 de cr\u00e9ateurs \u00e0 Trentemoult <\/p>\n<p data-start=\"0\" data-end=\"215\" data-is-last-node=\"\" data-is-only-node=\"\">D\u00e9couvres les talents locaux au <strong>march\u00e9 de cr\u00e9ateurs<\/strong> \u00e0 <strong>Trentemoult dimanche 6 juillet<\/strong>\u00a0! Artistes et artisanes du coin t&rsquo;invitent \u00e0 fl\u00e2ner sous les platanes de la Place des Filets, en bord de Loire, pour un moment chaleureux et cr\u00e9atif autour de leurs cr\u00e9ations originales.<\/p>\n<p> <strong>O\u00f9<\/strong>Trentemoult<br \/><strong>Quand<\/strong>6 juillet 2025<br \/><strong>Tarif<\/strong>Gratuit <\/p>\n<p>  La Dimanchette au Lieu-Dit  <strong>La Dimanchette<\/strong> d\u00e9barque au <strong>Lieu-Dit<\/strong> le <strong>dimanche 06 juillet 2025<\/strong>. L\u2019occasion parfaite pour passer du bon temps. Au programme, vide-dressing, brocante, illustrations color\u00e9es, tattoos et buffet petit-d\u00e9jeuner \u00e0 volont\u00e9.<\/p>\n<p> <strong>O\u00f9<\/strong>Le Lieu-Dit<br \/><strong>Quand<\/strong>6 juillet 2025<br \/><strong>Tarif<\/strong>Gratuit <\/p>\n<p>\u00c0 faire chaque week-end<img decoding=\"async\" class=\"lazyload wp-block-cover__image-background wp-image-112113 size-full\" alt=\"\" src=\"https:\/\/www.europesays.com\/fr\/wp-content\/uploads\/2025\/07\/A4_Borchure_Mockup_7-1.png\" style=\"object-position:56% 70%\" data-object-fit=\"cover\" data-object-position=\"56% 70%\"\/>commandez le passeport de l&rsquo;ap\u00e9ro<br \/>95\u20ac de consos offertes !<\/p>\n","protected":false},"excerpt":{"rendered":"Aaaah c\u2019est enfin les grandes vacances et ce week-end s\u2019annonce carr\u00e9ment estival \u00e0 Nantes\u00a0! Entre la chaleur, les&hellip;\n","protected":false},"author":2,"featured_media":222753,"comment_status":"","ping_status":"","sticky":false,"template":"","format":"standard","meta":{"footnotes":""},"categories":[2818],"tags":[1111,11,4156,4157,1777,674,1011,27,766,12,2636,25,953,1669,3140,4064],"class_list":{"0":"post-222752","1":"post","2":"type-post","3":"status-publish","4":"format-standard","5":"has-post-thumbnail","7":"category-nantes","8":"tag-actu","9":"tag-actualites","10":"tag-concerts","11":"tag-dj-sets","12":"tag-eu","13":"tag-europe","14":"tag-fr","15":"tag-france","16":"tag-nantes","17":"tag-news","18":"tag-pays-de-la-loire","19":"tag-republique-francaise","20":"tag-soiree","21":"tag-sorties","22":"tag-spectacle","23":"tag-week-end"},"share_on_mastodon":{"url":"https:\/\/pubeurope.com\/@fr\/114788492016274698","error":""},"_links":{"self":[{"href":"https:\/\/www.europesays.com\/fr\/wp-json\/wp\/v2\/posts\/222752","targetHints":{"allow":["GET"]}}],"collection":[{"href":"https:\/\/www.europesays.com\/fr\/wp-json\/wp\/v2\/posts"}],"about":[{"href":"https:\/\/www.europesays.com\/fr\/wp-json\/wp\/v2\/types\/post"}],"author":[{"embeddable":true,"href":"https:\/\/www.europesays.com\/fr\/wp-json\/wp\/v2\/users\/2"}],"replies":[{"embeddable":true,"href":"https:\/\/www.europesays.com\/fr\/wp-json\/wp\/v2\/comments?post=222752"}],"version-history":[{"count":0,"href":"https:\/\/www.europesays.com\/fr\/wp-json\/wp\/v2\/posts\/222752\/revisions"}],"wp:featuredmedia":[{"embeddable":true,"href":"https:\/\/www.europesays.com\/fr\/wp-json\/wp\/v2\/media\/222753"}],"wp:attachment":[{"href":"https:\/\/www.europesays.com\/fr\/wp-json\/wp\/v2\/media?parent=222752"}],"wp:term":[{"taxonomy":"category","embeddable":true,"href":"https:\/\/www.europesays.com\/fr\/wp-json\/wp\/v2\/categories?post=222752"},{"taxonomy":"post_tag","embeddable":true,"href":"https:\/\/www.europesays.com\/fr\/wp-json\/wp\/v2\/tags?post=222752"}],"curies":[{"name":"wp","href":"https:\/\/api.w.org\/{rel}","templated":true}]}}