{"id":22276,"date":"2025-04-13T13:32:07","date_gmt":"2025-04-13T13:32:07","guid":{"rendered":"https:\/\/www.europesays.com\/fr\/22276\/"},"modified":"2025-04-13T13:32:07","modified_gmt":"2025-04-13T13:32:07","slug":"ce-restaurant-dile-de-france-propose-une-chasse-aux-oeufs-geante-pour-paques-et-voici-ou-il-se-trouve","status":"publish","type":"post","link":"https:\/\/www.europesays.com\/fr\/22276\/","title":{"rendered":"Ce restaurant d&rsquo;\u00cele-de-France propose une chasse aux \u0153ufs g\u00e9ante pour P\u00e2ques et voici o\u00f9 il se trouve"},"content":{"rendered":"<p>\n        Ce restaurant francilien cache une chasse aux \u0153ufs g\u00e9ante pour P\u00e2ques 2025 : voici ce qu\u2019il faut savoir avant d\u2019y aller.    <\/p>\n<p class=\"standard\">Pour le <strong>week-end de P\u00e2ques 2025<\/strong>, cap sur l\u2019\u00cele Saint-Germain, o\u00f9 les cloches ont pr\u00e9vu une escale pleine de gourmandise. Le <strong>restaurant L\u2019\u00cele<\/strong>, nich\u00e9 au c\u0153ur d\u2019un \u00e9crin de verdure, m\u00eale plaisir de la table et joyeux remue-m\u00e9nage dans les all\u00e9es du parc. <\/p>\n<p class=\"standard\">Le cadre, spacieux et apaisant, se pr\u00eate parfaitement \u00e0 une<strong> parenth\u00e8se en famille<\/strong>, entre deux bouch\u00e9es de <a href=\"https:\/\/www.marmiton.org\/paques\/voici-le-budget-moyen-qu-ont-prevu-de-consacrer-a-paques-les-francais-pour-le-chocolat-s4108528.html\" target=\"_blank\" rel=\"noopener\">chocolat<\/a>. Les enfants ne seront pas en reste : une <strong>grande chasse aux \u0153ufs <\/strong>est organis\u00e9e pour tous les petits gourmands dont les parents auront r\u00e9serv\u00e9 une table. <\/p>\n<p class=\"standard\">Une belle mani\u00e8re d\u2019allier d\u00e9jeuner convivial et<strong> aventure chocolat\u00e9e<\/strong>, dans un lieu o\u00f9 la <strong>nature s\u2019invite \u00e0 chaque recoin<\/strong>, comme le rapporte le site <a href=\"https:\/\/www.sortiraparis.com\/actualites\/paques\/articles\/189982-paques-et-chasse-aux-oeufs-2025-a-l-ile-restaurant-92\" rel=\"noopener noreferrer nofollow\" target=\"_blank\">Sortir \u00e0 Paris<\/a>. <\/p>\n<p>Un restaurant au c\u0153ur du parc de l\u2019\u00cele Saint-Germain<\/p>\n<p class=\"standard\"><strong>\u00c0 Issy-les-Moulineaux<\/strong>, le parc de l\u2019\u00cele Saint-Germain abrite bien plus qu\u2019une promenade agr\u00e9able en bord de Seine. On y trouve l\u2019imposante <strong>Tour aux Figures<\/strong> de Jean Dubuffet, monument abstrait que l\u2019on rep\u00e8re de loin. <\/p>\n<p>La suite apr\u00e8s cette publicit\u00e9<\/p>\n<p class=\"standard\">Mais c\u2019est aussi un<strong> lieu de vie paisible<\/strong> o\u00f9 s\u2019est install\u00e9 un restaurant au charme singulier. Nich\u00e9 dans un \u00e9crin de verdure, L\u2019\u00cele offre un vrai bol d\u2019air, avec sa <strong>vaste salle baign\u00e9e de lumi\u00e8re <\/strong>et sa grande terrasse ouverte d\u00e8s les beaux jours. <\/p>\n<p class=\"standard\">On y vient pour <a href=\"https:\/\/www.marmiton.org\/recettes\/album1383713\/2-idees-de-plats-a-preparer-a-l-avance-pour-le-dejeuner-0.html#p1\" target=\"_blank\" rel=\"noopener\">d\u00e9jeuner<\/a> au calme, <strong>loin du tumulte urbain<\/strong>, et l\u2019on y reste volontiers tout un apr\u00e8s-midi. <strong>P\u00e2ques offre l&rsquo;occasion parfaite<\/strong> pour (re)d\u00e9couvrir ce lieu. <\/p>\n<p>Une grande chasse aux \u0153ufs gratuite pour les enfants ce dimanche de P\u00e2ques<\/p>\n<p class=\"standard\">Ce <strong>dimanche 20 avril<\/strong>, \u00e0 l\u2019occasion de <a href=\"https:\/\/www.marmiton.org\/paques\/paques-2025-voici-quel-jour-faire-la-chasse-aux-oeufs-cette-annee-s4108601.html\" target=\"_blank\" rel=\"noopener\">P\u00e2ques<\/a>, le restaurant L\u2019\u00cele <strong>transforme son \u00e9crin champ\u00eatre<\/strong> en terrain de jeu pour enfants. <\/p>\n<p class=\"standard\">D\u00e8s midi, les petits gourmands pourront partir \u00e0 la chasse aux \u0153ufs<strong> autour du restaurant<\/strong>, directement dans le parc, \u00e0 la recherche de <strong>tr\u00e9sors en chocolat au lait<\/strong> fourr\u00e9s au pralin\u00e9. <\/p>\n<p>La suite apr\u00e8s cette publicit\u00e9<\/p>\n<p class=\"standard\">Pour participer, rien de plus simple : les <strong>parents r\u00e9servent leur d\u00e9jeuner<\/strong>, et la chasse est offerte aux enfants, qui repartiront les poches remplies et le sourire en prime. Une <strong>belle escapade familiale<\/strong>, entre plaisirs de bouche et escapade en pleine nature.<\/p>\n<p class=\"standard\">C\u00f4t\u00e9 repas, les petits gourmands ne sont pas oubli\u00e9s : un <strong>menu enfant est propos\u00e9 \u00e0 14 euros<\/strong>, de quoi prolonger l\u2019exp\u00e9rience sur une note savoureuse. Pour vous y rendre, suivez les panneaux menant au parc <strong>depuis le centre d\u2019Issy<\/strong>.<\/p>\n<p class=\"standard\"><strong>\u00c0 lire aussi : <\/strong>\n<\/p>\n<p>    <a href=\"https:\/\/www.marmiton.org\/author\/27638\" target=\"_blank\" rel=\"noopener\"><br \/>\n        <img loading=\"lazy\" decoding=\"async\" src=\"https:\/\/www.europesays.com\/fr\/wp-content\/uploads\/2025\/04\/369194595_s50.jpeg\" width=\"50\" height=\"50\" alt=\"Fostine Carracillo\"\/><br \/>\n    <\/a><\/p>\n<p>            R\u00e9dactrice cuisine\n    <\/p>\n<p>R\u00e9dactrice passionn\u00e9e d&rsquo;exploration gustative, je me plais autant \u00e0 partager mes recettes pr\u00e9f\u00e9r\u00e9es qu&rsquo;\u00e0 me r\u00e9galer. Derri\u00e8re ma plume ? Des contenus 100 % test\u00e9s et approuv\u00e9s.\u00a0<br \/>\nQuand mon c\u0153ur ne \u2026<\/p>\n","protected":false},"excerpt":{"rendered":"Ce restaurant francilien cache une chasse aux \u0153ufs g\u00e9ante pour P\u00e2ques 2025 : voici ce qu\u2019il faut savoir&hellip;\n","protected":false},"author":2,"featured_media":22277,"comment_status":"","ping_status":"","sticky":false,"template":"","format":"standard","meta":{"footnotes":""},"categories":[1592],"tags":[1111,11,8263,8264,130,1777,674,1011,27,662,8265,12,626,8267,8266,25],"class_list":{"0":"post-22276","1":"post","2":"type-post","3":"status-publish","4":"format-standard","5":"has-post-thumbnail","7":"category-ile-de-france","8":"tag-actu","9":"tag-actualites","10":"tag-actus-food","11":"tag-chocolats-de-pu00e2ques","12":"tag-consommation","13":"tag-eu","14":"tag-europe","15":"tag-fr","16":"tag-france","17":"tag-ile-de-france","18":"tag-mieux-consommer","19":"tag-news","20":"tag-paris","21":"tag-pu00e2ques","22":"tag-repas-de-pu00e2ques","23":"tag-republique-francaise"},"share_on_mastodon":{"url":"https:\/\/pubeurope.com\/@fr\/114330910230651990","error":""},"_links":{"self":[{"href":"https:\/\/www.europesays.com\/fr\/wp-json\/wp\/v2\/posts\/22276","targetHints":{"allow":["GET"]}}],"collection":[{"href":"https:\/\/www.europesays.com\/fr\/wp-json\/wp\/v2\/posts"}],"about":[{"href":"https:\/\/www.europesays.com\/fr\/wp-json\/wp\/v2\/types\/post"}],"author":[{"embeddable":true,"href":"https:\/\/www.europesays.com\/fr\/wp-json\/wp\/v2\/users\/2"}],"replies":[{"embeddable":true,"href":"https:\/\/www.europesays.com\/fr\/wp-json\/wp\/v2\/comments?post=22276"}],"version-history":[{"count":0,"href":"https:\/\/www.europesays.com\/fr\/wp-json\/wp\/v2\/posts\/22276\/revisions"}],"wp:featuredmedia":[{"embeddable":true,"href":"https:\/\/www.europesays.com\/fr\/wp-json\/wp\/v2\/media\/22277"}],"wp:attachment":[{"href":"https:\/\/www.europesays.com\/fr\/wp-json\/wp\/v2\/media?parent=22276"}],"wp:term":[{"taxonomy":"category","embeddable":true,"href":"https:\/\/www.europesays.com\/fr\/wp-json\/wp\/v2\/categories?post=22276"},{"taxonomy":"post_tag","embeddable":true,"href":"https:\/\/www.europesays.com\/fr\/wp-json\/wp\/v2\/tags?post=22276"}],"curies":[{"name":"wp","href":"https:\/\/api.w.org\/{rel}","templated":true}]}}