{"id":222766,"date":"2025-07-03T09:08:09","date_gmt":"2025-07-03T09:08:09","guid":{"rendered":"https:\/\/www.europesays.com\/fr\/222766\/"},"modified":"2025-07-03T09:08:09","modified_gmt":"2025-07-03T09:08:09","slug":"youn-sun-nah-sur-le-fil-dun-jazz-ouvert-a-tous-les-courants","status":"publish","type":"post","link":"https:\/\/www.europesays.com\/fr\/222766\/","title":{"rendered":"Youn Sun Nah sur le fil d&rsquo;un jazz ouvert \u00e0 tous les courants"},"content":{"rendered":"<p>Toute de blanc v\u00eatue, accompagn\u00e9e des pianistes \u00c9ric Legnini et Tony Paeleman, <a href=\"https:\/\/www.laprovence.com\/article\/culture-loisirs\/2605284579622715\/la-vieille-charite-theatre-silvain-le-marseille-jazz-des-cinq-continents-lance-son-parcours-metropolitain\" target=\"_blank\" rel=\"noopener\">Youn Sun Nah fait son entr\u00e9e sur une reprise \u00e9tonnamment douce de Nina Simone<\/a>, Feeling Good. Sa voix de velours jusque-l\u00e0 en apesanteur se pare de nouvelles couleurs et de tessiture grave pour livrer un Libertango de Piazzolla propice aux vocalises et improvisations.<\/p>\n<p>Dans un souffle, elle s&rsquo;adresse alors au public qui l&rsquo;\u00e9coute presque religieusement\u00a0: \u00ab\u00a0Bonsoir, merci beaucoup d&rsquo;\u00eatre venus ce soir. Je suis tr\u00e8s heureuse d&rsquo;\u00eatre sur sc\u00e8ne avec ces deux musiciens extraordinaires.\u00a0\u00bb<\/p>\n<p>Deux complices qui changeront de fauteuil, passant du piano \u00e0 queue \u00e0 sa version plus \u00e9lectronique, et pour lesquels Youn Sun Nah saura se faire parfois silencieuse.<\/p>\n<p>Revisitant avec ma\u00eetrise des standards qui l&rsquo;ont sans doute inspir\u00e9e et qui la touchent, mais interpr\u00e9tant aussi ses propres chansons, la chanteuse cor\u00e9enne fera ainsi pendant plus d&rsquo;une heure la d\u00e9monstration de son talent.<\/p>\n<p>Le festival Marseille Jazz des Cinq Continents n&rsquo;a pas de fronti\u00e8res<\/p>\n<p>Sans se soucier des genres, elle ose le lyrisme, les digressions, les onomatop\u00e9es, les roulements de crooneuse, les notes \u00e9raill\u00e9es de rockeuse (comme sur God&rsquo;s gonna cut you down de Johnny Cash) et les suspensions emplies d&rsquo;\u00e9motions. Trouvant pourtant son \u00e9quilibre.<\/p>\n<p>Telle une funambule pleine de gr\u00e2ce, dans une cour o\u00f9 dansent les lumi\u00e8res, elle d\u00e9ambule sur son fil \u00e0 couper le souffle, passant de Sometimes I Feel Like a Motherless child au psych\u00e9d\u00e9lique White Rabbit. Ou encore \u00e0 l&rsquo;acrobatique Coisas Da Terra de Maria Joao. Pour conclure sur le rock&rsquo;n roll Jockey Full of Bourbon de Tom Waits puis le captivant My\u00a0Funny Valentine.<\/p>\n<p><a href=\"https:\/\/www.laprovence.com\/article\/culture-loisirs\/29369817136543\/le-festival-marseille-jazz-des-cinq-continents-fete-ses-25-ans-en-juillet\" target=\"_blank\" rel=\"noopener\">Un jazz qui s&rsquo;\u00e9coute comme un voyage<\/a> \u00e0 travers des contr\u00e9es parfois \u00e9loign\u00e9es, \u00e0 l&rsquo;image du <a href=\"https:\/\/www.laprovence.com\/article\/culture-loisirs\/11105662303258\/marseille-jazz-des-cinq-continents-programme-concerts-nouveaux-lieux-une-photographie-mondiale-du-jazz-actuel\" target=\"_blank\" rel=\"noopener\">festival Marseille Jazz des Cinq Continents<\/a> qui n&rsquo;a pas de fronti\u00e8res.<\/p>\n<p>Ludivine Issambourg promet un voyage inclassable samedi<\/p>\n<p>Ce dernier se poursuit justement jeudi soir avec la saxophoniste londonienne Nubya Garcia, d\u00e9j\u00e0 invit\u00e9e au parc Longchamp il y a deux ans pour un focus sur la nouvelle sc\u00e8ne anglaise. Elle aura le champ libre, \u00e0 la Vieille Charit\u00e9, pour pr\u00e9senter son Odyssey musicale, forc\u00e9ment d\u00e9tonante. Vendredi, le Marseille Jazz des Cinq Continents se pose dans un nouveau lieu, la Citadelle, avec le pianiste Tigran Hamasyan et son projet fou The Bird of a Thousand Voices conviant les mythes arm\u00e9niens et le hard rock.<\/p>\n<p>Samedi, au th\u00e9\u00e2tre de la Sucri\u00e8re, la fl\u00fbtiste Ludivine Issambourg promet un voyage inclassable, entre jazz, funk, \u00e9lectro, psych\u00e9&#8230; Tandis que le saxophoniste Antonio Lizana, ambassadeur de la musique hispanique et fou de Coltrane, fusionnera le jazz avec le flamenco, accompagn\u00e9 de son quartet et d&rsquo;un danseur.<\/p>\n<p>Tout le programme sur marseillejazz.com<\/p>\n","protected":false},"excerpt":{"rendered":"Toute de blanc v\u00eatue, accompagn\u00e9e des pianistes \u00c9ric Legnini et Tony Paeleman, Youn Sun Nah fait son entr\u00e9e&hellip;\n","protected":false},"author":2,"featured_media":222767,"comment_status":"","ping_status":"","sticky":false,"template":"","format":"standard","meta":{"footnotes":""},"categories":[2814],"tags":[17,1111,11,251,2837,1777,674,1108,1011,27,884,36189,12,882,25,27477,3356,36188],"class_list":{"0":"post-222766","1":"post","2":"type-post","3":"status-publish","4":"format-standard","5":"has-post-thumbnail","7":"category-marseille","8":"tag-17","9":"tag-actu","10":"tag-actualites","11":"tag-culture","12":"tag-dun","13":"tag-eu","14":"tag-europe","15":"tag-fil","16":"tag-fr","17":"tag-france","18":"tag-marseille","19":"tag-nah","20":"tag-news","21":"tag-provence-alpes-cote-dazur","22":"tag-republique-francaise","23":"tag-sun","24":"tag-sur","25":"tag-youn"},"share_on_mastodon":{"url":"https:\/\/pubeurope.com\/@fr\/114788519463302905","error":""},"_links":{"self":[{"href":"https:\/\/www.europesays.com\/fr\/wp-json\/wp\/v2\/posts\/222766","targetHints":{"allow":["GET"]}}],"collection":[{"href":"https:\/\/www.europesays.com\/fr\/wp-json\/wp\/v2\/posts"}],"about":[{"href":"https:\/\/www.europesays.com\/fr\/wp-json\/wp\/v2\/types\/post"}],"author":[{"embeddable":true,"href":"https:\/\/www.europesays.com\/fr\/wp-json\/wp\/v2\/users\/2"}],"replies":[{"embeddable":true,"href":"https:\/\/www.europesays.com\/fr\/wp-json\/wp\/v2\/comments?post=222766"}],"version-history":[{"count":0,"href":"https:\/\/www.europesays.com\/fr\/wp-json\/wp\/v2\/posts\/222766\/revisions"}],"wp:featuredmedia":[{"embeddable":true,"href":"https:\/\/www.europesays.com\/fr\/wp-json\/wp\/v2\/media\/222767"}],"wp:attachment":[{"href":"https:\/\/www.europesays.com\/fr\/wp-json\/wp\/v2\/media?parent=222766"}],"wp:term":[{"taxonomy":"category","embeddable":true,"href":"https:\/\/www.europesays.com\/fr\/wp-json\/wp\/v2\/categories?post=222766"},{"taxonomy":"post_tag","embeddable":true,"href":"https:\/\/www.europesays.com\/fr\/wp-json\/wp\/v2\/tags?post=222766"}],"curies":[{"name":"wp","href":"https:\/\/api.w.org\/{rel}","templated":true}]}}