{"id":222772,"date":"2025-07-03T09:11:11","date_gmt":"2025-07-03T09:11:11","guid":{"rendered":"https:\/\/www.europesays.com\/fr\/222772\/"},"modified":"2025-07-03T09:11:11","modified_gmt":"2025-07-03T09:11:11","slug":"lyon-le-metro-b-ne-circulera-pas-a-lyon-jusqua-18h-dimanche-6-juillet","status":"publish","type":"post","link":"https:\/\/www.europesays.com\/fr\/222772\/","title":{"rendered":"Lyon : le m\u00e9tro B ne circulera pas \u00e0 Lyon jusqu&rsquo;\u00e0 18h dimanche 6 juillet"},"content":{"rendered":"<p><img loading=\"lazy\" decoding=\"async\" alt=\"\u00a9 Flora Chaduc - La ligne B (Charpennes-Saint-Genis-Laval H\u00f4pital Lyon Sud) du m\u00e9tro de Lyon ne circulera pas dimanche 6 juillet jusqu'\u00e0 18h.\" data-zoom-src=\"https:\/\/www.europesays.com\/fr\/wp-content\/uploads\/2025\/07\/initial-le-metro-b-ne-circulera-pas-dimanche-6-juillet-2025-jusqu-a-18h-a-lyon-credit-flora-chaduc.j.jpeg\" data-zoomable=\"\" height=\"702\" src=\"https:\/\/www.europesays.com\/fr\/wp-content\/uploads\/2025\/07\/initial-le-metro-b-ne-circulera-pas-dimanche-6-juillet-2025-jusqu-a-18h-a-lyon-credit-flora-chaduc.j.jpeg\" width=\"1248\"\/>  <\/p>\n<p class=\"article-desc\">\u00a9 Flora Chaduc &#8211; La ligne B (Charpennes-Saint-Genis-Laval H\u00f4pital Lyon Sud) du m\u00e9tro de Lyon ne circulera pas dimanche 6 juillet jusqu&rsquo;\u00e0 18h. <\/p>\n<p>Le <strong>m\u00e9tro B<\/strong> ne circulera pas <strong>dimanche 6 juillet jusqu\u2019\u00e0 18h<\/strong>. TCL va proc\u00e9der \u00e0 des essais pour \u00ab\u00a0renforcer la capacit\u00e9 et le confort des voyageurs\u00a0\u00bb sur cette ligne. <\/p>\n<p>Des <strong>bus relais<\/strong> seront mis \u00e0 disposition des utilisateurs et desserviront les stations de <strong>Gare Part-Dieu Vivier-Merle<\/strong> \u00e0 <strong>Saint-Genis-Laval H\u00f4pital Lyon Sud<\/strong> toutes les 10 \u00e0 15 minutes. Le premier d\u00e9part de la gare Part-Dieu vers Saint-Genis-Laval en bus relais est pr\u00e9vu \u00e0 4h28.\u00a0 <\/p>\n<p>Les voyageurs du m\u00e9tro B \u00e0 Lyon invit\u00e9s \u00e0 prendre le tram ou le bus dimanche <\/p>\n<p>Au d\u00e9part de Saint-Genis-Laval vers la gare Lyon Part-Dieu, le premier bus partira \u00e0 4h25. <\/p>\n<p>Cependant les stations <strong>Stade de Gerland Le Lou <\/strong>et <strong>Gare d\u2019Oullins<\/strong> ne seront pas desservies par la desserte de remplacement mise en place par TCL.\u00a0 <\/p>\n<p> Lyon : la circulation du m\u00e9tro B devrait reprendre peu apr\u00e8s 18h le 6 juillet <\/p>\n<p>Pour effectuer les trajets entre<strong> Lyon<\/strong> Part-Dieu\u00a0et Charpennes, <strong>TCL <\/strong>invite les voyageurs \u00e0 prendre le tramway <strong>T1 <\/strong>ou la ligne de bus <strong>C2<\/strong> ou <strong>70<\/strong>.\u00a0 <\/p>\n<p>Le m\u00e9tro B sera de <strong>nouveau en service <\/strong>peu apr\u00e8s 18h. Le premier d\u00e9part complet entre Charpennes et Saint-Genis-Laval est pr\u00e9vu \u00e0 18h02, et \u00e0 18h03 dans l&rsquo;autre sens de circulation. <\/p>\n<p>Infos pratiques <\/p>\n<p>Plus d&rsquo;informations sur les alternatives au m\u00e9tro B mises en place dimanche 6 juillet sur le <a href=\"https:\/\/www.tcl.fr\/tests-augmentation-capacite-et-confort-voyageurs-sur-le-metro-b\" rel=\"noopener\" target=\"_blank\">site de TCL<\/a>.<\/p>\n","protected":false},"excerpt":{"rendered":"\u00a9 Flora Chaduc &#8211; La ligne B (Charpennes-Saint-Genis-Laval H\u00f4pital Lyon Sud) du m\u00e9tro de Lyon ne circulera pas&hellip;\n","protected":false},"author":2,"featured_media":222773,"comment_status":"","ping_status":"","sticky":false,"template":"","format":"standard","meta":{"footnotes":""},"categories":[1889],"tags":[1111,11,2430,1777,674,1011,27,2428,13099,12,25,10213,2216],"class_list":{"0":"post-222772","1":"post","2":"type-post","3":"status-publish","4":"format-standard","5":"has-post-thumbnail","7":"category-lyon","8":"tag-actu","9":"tag-actualites","10":"tag-auvergne-rhone-alpes","11":"tag-eu","12":"tag-europe","13":"tag-fr","14":"tag-france","15":"tag-lyon","16":"tag-mu00e9tropole-de-lyon","17":"tag-news","18":"tag-republique-francaise","19":"tag-tcl","20":"tag-transports-en-commun"},"share_on_mastodon":{"url":"https:\/\/pubeurope.com\/@fr\/114788531137358507","error":""},"_links":{"self":[{"href":"https:\/\/www.europesays.com\/fr\/wp-json\/wp\/v2\/posts\/222772","targetHints":{"allow":["GET"]}}],"collection":[{"href":"https:\/\/www.europesays.com\/fr\/wp-json\/wp\/v2\/posts"}],"about":[{"href":"https:\/\/www.europesays.com\/fr\/wp-json\/wp\/v2\/types\/post"}],"author":[{"embeddable":true,"href":"https:\/\/www.europesays.com\/fr\/wp-json\/wp\/v2\/users\/2"}],"replies":[{"embeddable":true,"href":"https:\/\/www.europesays.com\/fr\/wp-json\/wp\/v2\/comments?post=222772"}],"version-history":[{"count":0,"href":"https:\/\/www.europesays.com\/fr\/wp-json\/wp\/v2\/posts\/222772\/revisions"}],"wp:featuredmedia":[{"embeddable":true,"href":"https:\/\/www.europesays.com\/fr\/wp-json\/wp\/v2\/media\/222773"}],"wp:attachment":[{"href":"https:\/\/www.europesays.com\/fr\/wp-json\/wp\/v2\/media?parent=222772"}],"wp:term":[{"taxonomy":"category","embeddable":true,"href":"https:\/\/www.europesays.com\/fr\/wp-json\/wp\/v2\/categories?post=222772"},{"taxonomy":"post_tag","embeddable":true,"href":"https:\/\/www.europesays.com\/fr\/wp-json\/wp\/v2\/tags?post=222772"}],"curies":[{"name":"wp","href":"https:\/\/api.w.org\/{rel}","templated":true}]}}