{"id":22278,"date":"2025-04-13T13:33:14","date_gmt":"2025-04-13T13:33:14","guid":{"rendered":"https:\/\/www.europesays.com\/fr\/22278\/"},"modified":"2025-04-13T13:33:14","modified_gmt":"2025-04-13T13:33:14","slug":"delinquance-a-paris-des-resultats-tangibles-selon-le-prefet-de-police-actualites","status":"publish","type":"post","link":"https:\/\/www.europesays.com\/fr\/22278\/","title":{"rendered":"D\u00e9linquance \u00e0 Paris: \u00ab\u00a0des r\u00e9sultats tangibles\u00a0\u00bb selon le pr\u00e9fet de police : Actualit\u00e9s"},"content":{"rendered":"<p class=\"lead \">Le pr\u00e9fet de police Laurent Nu\u00f1ez a fait \u00e9tat dimanche de \u00ab\u00a0r\u00e9sultats tangibles\u00a0\u00bb sur les six derniers mois concernant la lutte contre la d\u00e9linquance \u00e0 Paris et son agglom\u00e9ration, citant notamment une baisse de 32% des vols avec violence dans les transports en commun.<\/p>\n<p class=\"lead \">\u00ab\u00a0Sur le bilan des six derniers mois, ce sont des tendances que nous connaissions avant, mais qui ont augment\u00e9 de mani\u00e8re assez significative\u00a0\u00bb, a comment\u00e9 Laurent Nu\u00f1ez lors du Grand rendez-vous Europe 1 \/ CNews \/ Les Echos.<\/p>\n<p class=\"lead \">Les chiffres pr\u00e9sent\u00e9s par le pr\u00e9fet montrent 21,6% de cambriolages de domicile en moins sur l&rsquo;agglom\u00e9ration (Paris et les trois d\u00e9partements de petite couronne, Hauts-de-Seine, Seine-Saint-Denis et Val-de-Marne) et 24,6% en moins sur Paris intramuros. Les vols violents sont en baisse de 18% sur l&rsquo;agglom\u00e9ration et de 23% sur Paris.<\/p>\n<p class=\"lead \">Dans les transports en commun, le bilan marque une baisse de 17,6% pour les violences aux personnes, de 32% pour les vols avec violence, de 14,6% pour les vols \u00e0 la tire et de 18,2% pour les vols \u00e0 la tire \u00e0 Paris.<\/p>\n<p class=\"lead \">\u00ab\u00a0On a des r\u00e9sultats qui sont tangibles\u00a0\u00bb, s&rsquo;est f\u00e9licit\u00e9 le pr\u00e9fet, pr\u00e9cisant que la d\u00e9linquance dans les transports \u00e0 Paris et petite couronne repr\u00e9sente \u00ab\u00a0un tiers du bilan national\u00a0\u00bb, qui a \u00e9t\u00e9 pr\u00e9sent\u00e9 jeudi par le ministre de l&rsquo;Int\u00e9rieur Bruno Retailleau.<\/p>\n<p class=\"lead \">Selon le minist\u00e8re, 120.000 vols ont eu lieu en 2023 dans les transports.<\/p>\n<p class=\"lead \">Concernant la d\u00e9linquance, les faits relev\u00e9s \u00e0 Paris et son agglom\u00e9ration constituent 20% du bilan national.<\/p>\n<p class=\"lead \">\u00ab\u00a0On fait baisser la d\u00e9linquance de mani\u00e8re significative mais, au moins pour l&rsquo;agglom\u00e9ration parisienne, elle reste structurellement \u00e0 un niveau assez \u00e9lev\u00e9 donc il faut poursuivre cette baisse\u00a0\u00bb, a-t-il assur\u00e9.<\/p>\n<p class=\"lead \">Le pr\u00e9fet de police a \u00e9galement soulign\u00e9 que, sur les six derniers mois, les interpellations d&rsquo;\u00e9trangers en situation irr\u00e9guli\u00e8re (ESI) avaient augment\u00e9 de 9%, et les retraits de titres aux \u00e9trangers mena\u00e7ant l&rsquo;ordre public bondi de 169%.<\/p>\n<p class=\"small font-weight-bold text-gray3 \"> publi\u00e9 le 13 avril \u00e0 13h48, AFP<\/p>\n<p>                             Partager<\/p>\n","protected":false},"excerpt":{"rendered":"Le pr\u00e9fet de police Laurent Nu\u00f1ez a fait \u00e9tat dimanche de \u00ab\u00a0r\u00e9sultats tangibles\u00a0\u00bb sur les six derniers mois&hellip;\n","protected":false},"author":2,"featured_media":22279,"comment_status":"","ping_status":"","sticky":false,"template":"","format":"standard","meta":{"footnotes":""},"categories":[1888],"tags":[1111,1928,11,1927,2441,8268,1777,674,1011,27,1061,12,1926,626,1925,1072,25,2803,4824,1175],"class_list":{"0":"post-22278","1":"post","2":"type-post","3":"status-publish","4":"format-standard","5":"has-post-thumbnail","7":"category-paris","8":"tag-actu","9":"tag-actu-paris","10":"tag-actualites","11":"tag-actualites-paris","12":"tag-arrestation","13":"tag-dlinquance","14":"tag-eu","15":"tag-europe","16":"tag-fr","17":"tag-france","18":"tag-immigration","19":"tag-news","20":"tag-news-paris","21":"tag-paris","22":"tag-paris-news","23":"tag-police","24":"tag-republique-francaise","25":"tag-transport","26":"tag-ville","27":"tag-vol"},"share_on_mastodon":{"url":"https:\/\/pubeurope.com\/@fr\/114330914264896803","error":""},"_links":{"self":[{"href":"https:\/\/www.europesays.com\/fr\/wp-json\/wp\/v2\/posts\/22278","targetHints":{"allow":["GET"]}}],"collection":[{"href":"https:\/\/www.europesays.com\/fr\/wp-json\/wp\/v2\/posts"}],"about":[{"href":"https:\/\/www.europesays.com\/fr\/wp-json\/wp\/v2\/types\/post"}],"author":[{"embeddable":true,"href":"https:\/\/www.europesays.com\/fr\/wp-json\/wp\/v2\/users\/2"}],"replies":[{"embeddable":true,"href":"https:\/\/www.europesays.com\/fr\/wp-json\/wp\/v2\/comments?post=22278"}],"version-history":[{"count":0,"href":"https:\/\/www.europesays.com\/fr\/wp-json\/wp\/v2\/posts\/22278\/revisions"}],"wp:featuredmedia":[{"embeddable":true,"href":"https:\/\/www.europesays.com\/fr\/wp-json\/wp\/v2\/media\/22279"}],"wp:attachment":[{"href":"https:\/\/www.europesays.com\/fr\/wp-json\/wp\/v2\/media?parent=22278"}],"wp:term":[{"taxonomy":"category","embeddable":true,"href":"https:\/\/www.europesays.com\/fr\/wp-json\/wp\/v2\/categories?post=22278"},{"taxonomy":"post_tag","embeddable":true,"href":"https:\/\/www.europesays.com\/fr\/wp-json\/wp\/v2\/tags?post=22278"}],"curies":[{"name":"wp","href":"https:\/\/api.w.org\/{rel}","templated":true}]}}