{"id":222789,"date":"2025-07-03T09:21:11","date_gmt":"2025-07-03T09:21:11","guid":{"rendered":"https:\/\/www.europesays.com\/fr\/222789\/"},"modified":"2025-07-03T09:21:11","modified_gmt":"2025-07-03T09:21:11","slug":"royaume-uni-la-croissance-accelere-dans-les-services-pmi-03-07-2025-a-1052","status":"publish","type":"post","link":"https:\/\/www.europesays.com\/fr\/222789\/","title":{"rendered":"Royaume-Uni: la croissance acc\u00e9l\u00e8re dans les services (PMI) &#8211; 03\/07\/2025 \u00e0 10:52"},"content":{"rendered":"<p>                                                                (CercleFinance.com) &#8211; La croissance a acc\u00e9l\u00e9r\u00e9 dans le secteur britannique des services au mois de juin, selon les r\u00e9sultats d\u00e9finitifs de l&rsquo;enqu\u00eate PMI r\u00e9alis\u00e9e par S&amp;P Global aupr\u00e8s des directeurs d&rsquo;achat au Royaume-Uni.<\/p>\n<p>Son indice est ainsi ressorti \u00e0 52,8 en juin, contre 50,9 en mai et 51,1 en version pr\u00e9liminaire &lsquo;flash&rsquo;.\n<\/p>\n<p>Il s&rsquo;agit d&rsquo;un plus bas de dix mois.\n<\/p>\n<p>Dans son communiqu\u00e9, S&amp;P Global Market Intelligence met en avant un rythme de croissance &lsquo;solide&rsquo;, quoiqu&rsquo;encore inf\u00e9rieur \u00e0 sa moyenne de long terme de 54,3.\n<\/p>\n<p>&lsquo;Les donn\u00e9es du mois de juin t\u00e9moignent d&rsquo;un rebond mod\u00e9r\u00e9 de la croissance du secteur tertiaire, sous l&rsquo;impulsion d&rsquo;un redressement de l&rsquo;activit\u00e9 domestique et de la consommation apr\u00e8s l&rsquo;acc\u00e8s de faiblesse observ\u00e9 au printemps&rsquo;, commente Tim Moore, \u00e9conomiste au cabinet de recherche.\n<\/p>\n<p>S&amp;P Global fait par ailleurs remarquer que les nouvelles commandes ont progress\u00e9 pour la premi\u00e8re fois en trois mois et que l&rsquo;inflation constat\u00e9 au niveau des prix de ventes est revenue \u00e0 son plus bas niveau depuis f\u00e9vrier 2021.<\/p>\n","protected":false},"excerpt":{"rendered":"(CercleFinance.com) &#8211; La croissance a acc\u00e9l\u00e9r\u00e9 dans le secteur britannique des services au mois de juin, selon les&hellip;\n","protected":false},"author":2,"featured_media":8765,"comment_status":"","ping_status":"","sticky":false,"template":"","format":"standard","meta":{"footnotes":""},"categories":[1588],"tags":[400,11,398,408,405,1777,674,403,402,399,404,12,473,1853,401,406,1851,1850,1852,407],"class_list":{"0":"post-222789","1":"post","2":"type-post","3":"status-publish","4":"format-standard","5":"has-post-thumbnail","7":"category-royaume-uni","8":"tag-action-cac-40","9":"tag-actualites","10":"tag-bourse-de-paris","11":"tag-boursorama","12":"tag-cotations","13":"tag-eu","14":"tag-europe","15":"tag-indices-devises","16":"tag-investir","17":"tag-investissement","18":"tag-marche-boursier","19":"tag-news","20":"tag-royaume-uni","21":"tag-royaume-uni-de-grande-bretagne-et-dirlande-du-nord","22":"tag-sicav","23":"tag-trackers","24":"tag-uk","25":"tag-united-kingdom","26":"tag-united-kingdom-of-great-britain-and-northern-ireland","27":"tag-warrants"},"share_on_mastodon":{"url":"https:\/\/pubeurope.com\/@fr\/114788570512026645","error":""},"_links":{"self":[{"href":"https:\/\/www.europesays.com\/fr\/wp-json\/wp\/v2\/posts\/222789","targetHints":{"allow":["GET"]}}],"collection":[{"href":"https:\/\/www.europesays.com\/fr\/wp-json\/wp\/v2\/posts"}],"about":[{"href":"https:\/\/www.europesays.com\/fr\/wp-json\/wp\/v2\/types\/post"}],"author":[{"embeddable":true,"href":"https:\/\/www.europesays.com\/fr\/wp-json\/wp\/v2\/users\/2"}],"replies":[{"embeddable":true,"href":"https:\/\/www.europesays.com\/fr\/wp-json\/wp\/v2\/comments?post=222789"}],"version-history":[{"count":0,"href":"https:\/\/www.europesays.com\/fr\/wp-json\/wp\/v2\/posts\/222789\/revisions"}],"wp:featuredmedia":[{"embeddable":true,"href":"https:\/\/www.europesays.com\/fr\/wp-json\/wp\/v2\/media\/8765"}],"wp:attachment":[{"href":"https:\/\/www.europesays.com\/fr\/wp-json\/wp\/v2\/media?parent=222789"}],"wp:term":[{"taxonomy":"category","embeddable":true,"href":"https:\/\/www.europesays.com\/fr\/wp-json\/wp\/v2\/categories?post=222789"},{"taxonomy":"post_tag","embeddable":true,"href":"https:\/\/www.europesays.com\/fr\/wp-json\/wp\/v2\/tags?post=222789"}],"curies":[{"name":"wp","href":"https:\/\/api.w.org\/{rel}","templated":true}]}}