{"id":222800,"date":"2025-07-03T09:27:11","date_gmt":"2025-07-03T09:27:11","guid":{"rendered":"https:\/\/www.europesays.com\/fr\/222800\/"},"modified":"2025-07-03T09:27:11","modified_gmt":"2025-07-03T09:27:11","slug":"vers-le-retour-dun-pesticide-interdit-en-france-la-liste-des-reculs-pour-lenvironnement-va-encore-sallonger","status":"publish","type":"post","link":"https:\/\/www.europesays.com\/fr\/222800\/","title":{"rendered":"Vers le retour d&rsquo;un pesticide interdit en France : la liste des reculs pour l&rsquo;environnement va encore s&rsquo;allonger&#8230;"},"content":{"rendered":"<ul class=\"jsx-862013697 ArticleChapo__List\">\n<li class=\"jsx-862013697 ArticleChapo__List_Item flex\">La loi agricole Duplomb, qui porte notamment une mesure de r\u00e9introduction \u00e0 titre d\u00e9rogatoire d&rsquo;un pesticide n\u00e9onicotino\u00efde, fera l&rsquo;objet d&rsquo;un ultime vote \u00e0 l&rsquo;Assembl\u00e9e nationale mardi 8 juillet prochain.<\/li>\n<li class=\"jsx-862013697 ArticleChapo__List_Item flex\">Fabrice<\/li>\n<\/ul>\n<p><a href=\"https:\/\/www.tf1info.fr\/actualite\/notre-planete-l-offre-environnement-de-tf1-lci-pour-la-transition-ecologique-13098\/\" rel=\"noopener\" class=\"jsx-484472199 Link jsx-1428418400 jsx-1797245342\" target=\"_blank\"><\/p>\n<p style=\"font-weight:400\" class=\"jsx-1837267516\">Suivez la couverture compl\u00e8te<\/p>\n<p style=\"font-weight:800\" class=\"jsx-1837267516\">Notre plan\u00e8te<\/p>\n<p><\/a><\/p>\n<p data-module=\"article-paragraph\" class=\"jsx-3046738180 Paragraph Paragraph__End\">Jadis, un humoriste fran\u00e7ais avait indiqu\u00e9 qu\u2019il y avait deux sortes de justice : \u00ab\u00a0Vous avez l&rsquo;avocat qui conna\u00eet bien la loi, et l&rsquo;avocat qui conna\u00eet bien le juge\u00a0\u00bb. Aujourd\u2019hui, il y a deux sortes de d\u00e9mocratie : vous avez les citoyens qui votent, et les lobbys qui font les lois. <a href=\"https:\/\/www.tf1info.fr\/politique\/loi-duplomb-j-entends-les-craintes-mais-le-gouvernement-souhaite-que-le-texte-soit-adopte-dit-annie-genevard-sur-tf1-2379928.html\" target=\"_blank\" rel=\"noopener\">Le 8 juillet, la France devrait r\u00e9autoriser<\/a> les n\u00e9onicotino\u00efdes tueurs de biodiversit\u00e9 et activateurs de cancers \u00e0 grande \u00e9chelle. \u00c0 Bruxelles, une poign\u00e9e d\u2019entreprises, sous la pression de leurs actionnaires am\u00e9ricains, sont en train, dans le cadre du projet de loi Omnibus (destruction du GreenDeal), de nous emmener \u00e0 Tr\u00e8s Grande Vitesse dans le chaos climatique. En mai, <a href=\"https:\/\/www.tf1info.fr\/politique\/la-suppression-des-zfe-confirmee-par-l-assemblee-nationale-2377584.html\" target=\"_blank\" rel=\"noopener\">les zones \u00e0 faibles \u00e9missions (ZFE) ont \u00e9t\u00e9 supprim\u00e9es<\/a> et <a href=\"https:\/\/www.tf1info.fr\/politique\/projet-de-loi-sur-la-simplification-de-la-vie-economique-assemblee-deputes-recit-d-un-enlisement-2377463.html\" target=\"_blank\" rel=\"noopener\">la loi z\u00e9ro artificialisation nette (ZAN) a \u00e9t\u00e9 vid\u00e9e de sa substance<\/a>&#8230; Depuis six mois, la liste des reculs des mesures environnementales est longue comme le bras, au nom de quoi ?<\/p>\n<p data-module=\"article-paragraph\" class=\"jsx-3046738180 Paragraph Paragraph__End\">L\u2019environnement serait un frein \u00e0 la libert\u00e9 d\u2019entreprendre, gr\u00e8verait la comp\u00e9titivit\u00e9 et surtout, serait per\u00e7u comme punitif par nos concitoyens. Il est plus qu\u2019urgent de d\u00e9noncer ces mensonges incarn\u00e9s par des individus aussi l\u00e2ches qu\u2019incomp\u00e9tents. L\u2019explosion des maladies chroniques (+80% de cancers en moins de 30 ans pour les moins de 50 ans !) due \u00e0 la mal bouffe, \u00e0 la mauvaise qualit\u00e9 de l\u2019air et de l\u2019eau n\u2019a-t-elle rien de punitif ? C\u2019est juste mortel. L\u2019enchainement des canicules (+ de 200.000 morts en Europe depuis 2020 selon l\u2019OMS) rend l\u2019existence invivable pour des millions de gens qui ne passent pas leur vie dans des bureaux climatis\u00e9s. L\u2019an\u00e9antissement de la biodiversit\u00e9 pr\u00e9pare le terreau des futurs \u00ab\u00a0COVID\u00a0\u00bb, ce qui va nous g\u00e9n\u00e9rer des exp\u00e9riences \u00e9minemment \u00ab\u00a0r\u00e9cr\u00e9atives\u00a0\u00bb !<\/p>\n<p><a href=\"https:\/\/www.tf1info.fr\/environnement-ecologie\/edito-changement-climatique-la-bonne-nouvelle-c-est-que-la-betise-humaine-n-est-pas-irreversible-2379983.html\" rel=\"noopener\" class=\"jsx-3308031228 Link flex\" target=\"_blank\"><img decoding=\"async\" src=\"https:\/\/www.europesays.com\/fr\/wp-content\/uploads\/2025\/07\/oeil-planete-climat-f044c9-1@1x.jpeg\" alt=\"Getty Images\/iStockphoto\" loading=\"lazy\" importance=\"low\" fetchpriority=\"low\" class=\"\" aria-hidden=\"true\"\/><\/p>\n<p class=\"jsx-3657663356 ReadMoreArticle__Title\">Lire aussi<\/p>\n<p class=\"jsx-3657663356\">Changement climatique : la bonne nouvelle, c&rsquo;est que la b\u00eatise humaine n&rsquo;est pas irr\u00e9versible<\/p>\n<p><\/a><\/p>\n<p data-module=\"article-paragraph\" class=\"jsx-3046738180 Paragraph\">L\u2019\u00e9crasante majorit\u00e9 des salari\u00e9s dans les entreprises veulent une r\u00e9gulation forte pour sortir enfin de l\u2019\u00e9conomie lin\u00e9aire \u00e9cocide, qui ne produit in fine que des d\u00e9chets. Il n\u2019y aura pas d\u2019innovation sans contrainte. Et pour faire accepter la r\u00e9gulation, nous avons besoin de faire de la p\u00e9dagogie, de combattre les sophismes et le simplisme des promoteurs de l\u2019\u00e9conomie de la mort au profit de quelques nantis.L\u2019Europe ne dispose pas de suffisamment de ressources naturelles pour relancer une industrie comp\u00e9titive mondialement. Notre salut passera uniquement et exclusivement par la mutation des mod\u00e8les \u00e9conomiques de nos entreprises, vers une approche de fonctionnalit\u00e9 \u00e0 vis\u00e9e r\u00e9g\u00e9n\u00e9rative.<\/p>\n<p data-module=\"article-paragraph\" class=\"jsx-3046738180 Paragraph\">Autrement dit des mod\u00e8les qui privil\u00e9gient :<\/p>\n<p data-module=\"article-paragraph\" class=\"jsx-3046738180 Paragraph\">&#8211; L\u2019\u00e9co-conception et la haute durabilit\u00e9 des produits pour en faire des banques de mat\u00e9riaux pour le futur. C\u2019est comme cela que nous r\u00e9tablirons notre souverainet\u00e9.<\/p>\n<p data-module=\"article-paragraph\" class=\"jsx-3046738180 Paragraph\">&#8211; La location et la haute intensit\u00e9 d\u2019usage, en BtoB et BtoC, plut\u00f4t que la possession pour en finir avec la sous-utilisation chronique des produits g\u00e9n\u00e9ratrice de gaspillages.<\/p>\n<p data-module=\"article-paragraph\" class=\"jsx-3046738180 Paragraph Paragraph__End\">La restauration massive des puits de carbone et biodiversit\u00e9, car c\u2019est la meilleure fa\u00e7on de nous prot\u00e9ger des drames \u00e0 venir associ\u00e9s au r\u00e9chauffement climatique.<\/p>\n<p>Fabrice BONNIFET<\/p>\n","protected":false},"excerpt":{"rendered":"La loi agricole Duplomb, qui porte notamment une mesure de r\u00e9introduction \u00e0 titre d\u00e9rogatoire d&rsquo;un pesticide n\u00e9onicotino\u00efde, fera&hellip;\n","protected":false},"author":2,"featured_media":222801,"comment_status":"","ping_status":"","sticky":false,"template":"","format":"standard","meta":{"footnotes":""},"categories":[4],"tags":[1111,11,1921,1011,27,1922,12,5736,5735,25,133,5737],"class_list":{"0":"post-222800","1":"post","2":"type-post","3":"status-publish","4":"format-standard","5":"has-post-thumbnail","7":"category-france","8":"tag-actu","9":"tag-actualites","10":"tag-article-video","11":"tag-fr","12":"tag-france","13":"tag-info","14":"tag-news","15":"tag-notre-planete","16":"tag-protection-de-lenvironnement","17":"tag-republique-francaise","18":"tag-video","19":"tag-video-environnement"},"share_on_mastodon":{"url":"https:\/\/pubeurope.com\/@fr\/114788594036819577","error":""},"_links":{"self":[{"href":"https:\/\/www.europesays.com\/fr\/wp-json\/wp\/v2\/posts\/222800","targetHints":{"allow":["GET"]}}],"collection":[{"href":"https:\/\/www.europesays.com\/fr\/wp-json\/wp\/v2\/posts"}],"about":[{"href":"https:\/\/www.europesays.com\/fr\/wp-json\/wp\/v2\/types\/post"}],"author":[{"embeddable":true,"href":"https:\/\/www.europesays.com\/fr\/wp-json\/wp\/v2\/users\/2"}],"replies":[{"embeddable":true,"href":"https:\/\/www.europesays.com\/fr\/wp-json\/wp\/v2\/comments?post=222800"}],"version-history":[{"count":0,"href":"https:\/\/www.europesays.com\/fr\/wp-json\/wp\/v2\/posts\/222800\/revisions"}],"wp:featuredmedia":[{"embeddable":true,"href":"https:\/\/www.europesays.com\/fr\/wp-json\/wp\/v2\/media\/222801"}],"wp:attachment":[{"href":"https:\/\/www.europesays.com\/fr\/wp-json\/wp\/v2\/media?parent=222800"}],"wp:term":[{"taxonomy":"category","embeddable":true,"href":"https:\/\/www.europesays.com\/fr\/wp-json\/wp\/v2\/categories?post=222800"},{"taxonomy":"post_tag","embeddable":true,"href":"https:\/\/www.europesays.com\/fr\/wp-json\/wp\/v2\/tags?post=222800"}],"curies":[{"name":"wp","href":"https:\/\/api.w.org\/{rel}","templated":true}]}}