{"id":222807,"date":"2025-07-03T09:32:22","date_gmt":"2025-07-03T09:32:22","guid":{"rendered":"https:\/\/www.europesays.com\/fr\/222807\/"},"modified":"2025-07-03T09:32:22","modified_gmt":"2025-07-03T09:32:22","slug":"qui-ira-a-paris","status":"publish","type":"post","link":"https:\/\/www.europesays.com\/fr\/222807\/","title":{"rendered":"Qui ira \u00e0 Paris ?"},"content":{"rendered":"<p>                            <img decoding=\"async\" class=\"img-fluid thumbnail__news\" src=\"https:\/\/www.europesays.com\/fr\/wp-content\/uploads\/2025\/07\/2ce45412-ea7d-428f-a298-aa1151b566c4.jpg\" alt=\"Qui ira \u00e0 Paris ?\"\/><\/p>\n<p>TGB<\/p>\n<p>                                                        A l&rsquo;issue de ce week-end, nous connaitrons les finalistes 2025 de la Coupe de France f\u00e9minine. Qui de Bourges, Tarbes, Basket Landes ou Charleville M\u00e9zi\u00e8res sera le 26 avril prochain sur le parquet de l&rsquo;Accor Arena ? A vos pronostics mais attention aux surprises.<\/p>\n<p>Tarbes, c&rsquo;est la grosse c\u00f4te de ce dernier carr\u00e9. L&rsquo;\u00e9quipe du Sud-Ouest n&rsquo;est au mieux actuellement en championnat et compte bien sur la Coupe de France pour connaitre une embellie. Pour cela, les joueuses de Fran\u00e7ois Gomez devront redresser la barre pour s&rsquo;imposer ce samedi \u00e0 la Guinguette Arena de Charleville-M\u00e9zi\u00e8res. Les Flammes ont d\u00e9j\u00e0 disput\u00e9 4 fois la finale de cette comp\u00e9tition entre 2017 et 2021. Cette ann\u00e9e, elles ont une belle occasion de retouner \u00e0 Paris, il ne faudra pas la manquer.<\/p>\n<p>C&rsquo;est devenu un classique de la Coupe de France. C&rsquo;\u00e9tait l&rsquo;affiche de la finale de l&rsquo;ann\u00e9e derni\u00e8re, cette fois-ci seul Bourges ou Basket Landes seront de la grande f\u00eate parisienne. Leader du championnat, Bourges semble avoir toutes les cartes en main pour y retourner mais avant cela il faudra s&rsquo;imposer dimanche dans les Landes et ce n&rsquo;est jamais chose facile. Sur un match tout est faisable, Basket Landes est souvent coutumier du fait !\u00a0<\/p>\n<p><strong>Programme des demi-finales de la Coupe de France f\u00e9minine<\/strong><br \/>Samedi 1er mars 2025 \u00e0 20h00<br \/>Charleville- M\u00e9zi\u00e8res (LBWL) &#8211; Tarbes (LBWL) &#8211; <a href=\"https:\/\/www.youtube.com\/watch?v=hjzZIf7BMsY\" target=\"_blank\" rel=\"noopener\">En direct sur la chaine Youtube FFBB<\/a><\/p>\n<\/p>\n<p>Dimanche 2 mars 2025 \u00e0 15h45<br \/>Basket Landes (LBWL) &#8211; Bourges (LBWL) &#8211; <a href=\"https:\/\/www.france.tv\/france-3\/noa\/direct.html\" target=\"_blank\" rel=\"noopener\">En direct sur .3 NoA\u00a0<\/a><\/p>\n<p>* .3 NoA est accessible sur Orange (326) | Bouygues (337) | FREE (326) | SFR (455) | Canalsat (374) | Fransat (325) | <a href=\"https:\/\/www.france.tv\/\" target=\"_blank\" rel=\"noopener\">france.tv<\/a> &amp; <a href=\"https:\/\/france3-regions.francetvinfo.fr\/nouvelle-aquitaine\/\" target=\"_blank\" rel=\"noopener\">na.france3.fr<\/a><\/p>\n","protected":false},"excerpt":{"rendered":"TGB A l&rsquo;issue de ce week-end, nous connaitrons les finalistes 2025 de la Coupe de France f\u00e9minine. Qui&hellip;\n","protected":false},"author":2,"featured_media":222808,"comment_status":"","ping_status":"","sticky":false,"template":"","format":"standard","meta":{"footnotes":""},"categories":[1414],"tags":[1465,1464,1011,27,60],"class_list":{"0":"post-222807","1":"post","2":"type-post","3":"status-publish","4":"format-standard","5":"has-post-thumbnail","7":"category-basket","8":"tag-basket","9":"tag-basketball","10":"tag-fr","11":"tag-france","12":"tag-sports"},"share_on_mastodon":{"url":"https:\/\/pubeurope.com\/@fr\/114788613761007452","error":""},"_links":{"self":[{"href":"https:\/\/www.europesays.com\/fr\/wp-json\/wp\/v2\/posts\/222807","targetHints":{"allow":["GET"]}}],"collection":[{"href":"https:\/\/www.europesays.com\/fr\/wp-json\/wp\/v2\/posts"}],"about":[{"href":"https:\/\/www.europesays.com\/fr\/wp-json\/wp\/v2\/types\/post"}],"author":[{"embeddable":true,"href":"https:\/\/www.europesays.com\/fr\/wp-json\/wp\/v2\/users\/2"}],"replies":[{"embeddable":true,"href":"https:\/\/www.europesays.com\/fr\/wp-json\/wp\/v2\/comments?post=222807"}],"version-history":[{"count":0,"href":"https:\/\/www.europesays.com\/fr\/wp-json\/wp\/v2\/posts\/222807\/revisions"}],"wp:featuredmedia":[{"embeddable":true,"href":"https:\/\/www.europesays.com\/fr\/wp-json\/wp\/v2\/media\/222808"}],"wp:attachment":[{"href":"https:\/\/www.europesays.com\/fr\/wp-json\/wp\/v2\/media?parent=222807"}],"wp:term":[{"taxonomy":"category","embeddable":true,"href":"https:\/\/www.europesays.com\/fr\/wp-json\/wp\/v2\/categories?post=222807"},{"taxonomy":"post_tag","embeddable":true,"href":"https:\/\/www.europesays.com\/fr\/wp-json\/wp\/v2\/tags?post=222807"}],"curies":[{"name":"wp","href":"https:\/\/api.w.org\/{rel}","templated":true}]}}