{"id":222809,"date":"2025-07-03T09:33:09","date_gmt":"2025-07-03T09:33:09","guid":{"rendered":"https:\/\/www.europesays.com\/fr\/222809\/"},"modified":"2025-07-03T09:33:09","modified_gmt":"2025-07-03T09:33:09","slug":"two-wheels-for-life-celebre-les-100-ans-dassen","status":"publish","type":"post","link":"https:\/\/www.europesays.com\/fr\/222809\/","title":{"rendered":"Two Wheels for Life c\u00e9l\u00e8bre les 100 ans d&rsquo;Assen"},"content":{"rendered":"<p>Two Wheels for Life, l&rsquo;association caritative officielle du MotoGP\u2122, organise des \u00e9v\u00e9nements tout au long de la saison et a offert aux fans l&rsquo;opportunit\u00e9 d&rsquo;apporter leur pierre \u00e0 l&rsquo;\u00e9difice lors du GP des Pays-Bas. L&rsquo;\u00e9dition 2025 marquait les 100 ans de course \u00e0 Assen, seul circuit pr\u00e9sent au calendrier MotoGP\u2122 depuis notre saison inaugurale en 1949, c&rsquo;est pourquoi il \u00e9tait n\u00e9cessaire de marquer le coup. Two Wheels a r\u00e9colt\u00e9 la somme impressionnante de 63 000 euros gr\u00e2ce \u00e0 ses initiatives suppl\u00e9mentaires en partenariat avec le circuit TT d&rsquo;Assen et notamment trois \u00e9v\u00e9nements cl\u00e9s : le MotoGP Experience Day ainsi que deux ventes aux ench\u00e8res en direct organis\u00e9es le jeudi et le samedi.<\/p>\n<p>Le MotoGP Experience Day a attir\u00e9 des centaines d&rsquo;invit\u00e9s suppl\u00e9mentaires qui ont b\u00e9n\u00e9fici\u00e9 d&rsquo;un acc\u00e8s exclusif au paddock, d&rsquo;une promenade dans la voie des stands et d&rsquo;une vente aux ench\u00e8res exceptionnelle, ce qui a permis de r\u00e9colter 35 300 euros uniquement gr\u00e2ce \u00e0 la vente de billets. La vente aux ench\u00e8res du jeudi, qui s&rsquo;est d\u00e9roul\u00e9e sur la sc\u00e8ne Motul, a accueilli \u00e0 la fois les invit\u00e9s de Two Wheels for Life et le public, tandis que celle du samedi a attir\u00e9 des fans de course enthousiastes d\u00e9sireux d&rsquo;ench\u00e9rir sur des exp\u00e9riences uniques et des objets de collection du MotoGP\u2122.<\/p>\n<p><strong>Andrea Coleman, PDG de Two Wheels for Life :<\/strong> \u00ab Nous sommes tr\u00e8s reconnaissants du soutien massif de la communaut\u00e9 MotoGP\u2122, des fans et des partenaires. Ce partenariat et la g\u00e9n\u00e9rosit\u00e9 manifest\u00e9e lors du Grand Prix des Pays-Bas c\u00e9l\u00e8brent non seulement le riche h\u00e9ritage des courses de moto mais acc\u00e9l\u00e8rent \u00e9galement notre mission qui consiste \u00e0 sauver des vies en am\u00e9liorant l&rsquo;acc\u00e8s aux soins m\u00e9dicaux dans les communaut\u00e9s isol\u00e9es d&rsquo;Afrique \u00bb.<\/p>\n<p>Les ventes aux ench\u00e8res proposaient des articles exclusifs et des exp\u00e9riences uniques, qui se sont av\u00e9r\u00e9es tr\u00e8s populaires et ont jou\u00e9 un r\u00f4le important dans le montant total de la collecte de fonds.<\/p>\n<p>Two Wheels for Life remercie tous ceux qui ont particip\u00e9 et contribu\u00e9 \u00e0 faire du Grand Prix des Pays-Bas 2025 un \u00e9v\u00e9nement m\u00e9morable \u00e0 l&rsquo;impact durable. L&rsquo;organisation caritative se r\u00e9jouit de continuer sa collaboration avec le MotoGP\u2122 et le circuit TT d&rsquo;Assen lors de futurs \u00e9v\u00e9nements afin de poursuivre sa mission humanitaire !<\/p>\n<p><a href=\"https:\/\/www.twowheelsforlife.org\/\" rel=\"nofollow noopener\" target=\"_blank\">En savoir plus sur Two Wheels.<\/a><\/p>\n<p data-renderer-start-pos=\"2287\">\u00a0<\/p>\n","protected":false},"excerpt":{"rendered":"Two Wheels for Life, l&rsquo;association caritative officielle du MotoGP\u2122, organise des \u00e9v\u00e9nements tout au long de la saison&hellip;\n","protected":false},"author":2,"featured_media":222810,"comment_status":"","ping_status":"","sticky":false,"template":"","format":"standard","meta":{"footnotes":""},"categories":[1413],"tags":[1011,27,1457,1456,60,2032],"class_list":{"0":"post-222809","1":"post","2":"type-post","3":"status-publish","4":"format-standard","5":"has-post-thumbnail","7":"category-moto","8":"tag-fr","9":"tag-france","10":"tag-moto","11":"tag-motocycle","12":"tag-sports","13":"tag-text"},"share_on_mastodon":{"url":"https:\/\/pubeurope.com\/@fr\/114788617936893995","error":""},"_links":{"self":[{"href":"https:\/\/www.europesays.com\/fr\/wp-json\/wp\/v2\/posts\/222809","targetHints":{"allow":["GET"]}}],"collection":[{"href":"https:\/\/www.europesays.com\/fr\/wp-json\/wp\/v2\/posts"}],"about":[{"href":"https:\/\/www.europesays.com\/fr\/wp-json\/wp\/v2\/types\/post"}],"author":[{"embeddable":true,"href":"https:\/\/www.europesays.com\/fr\/wp-json\/wp\/v2\/users\/2"}],"replies":[{"embeddable":true,"href":"https:\/\/www.europesays.com\/fr\/wp-json\/wp\/v2\/comments?post=222809"}],"version-history":[{"count":0,"href":"https:\/\/www.europesays.com\/fr\/wp-json\/wp\/v2\/posts\/222809\/revisions"}],"wp:featuredmedia":[{"embeddable":true,"href":"https:\/\/www.europesays.com\/fr\/wp-json\/wp\/v2\/media\/222810"}],"wp:attachment":[{"href":"https:\/\/www.europesays.com\/fr\/wp-json\/wp\/v2\/media?parent=222809"}],"wp:term":[{"taxonomy":"category","embeddable":true,"href":"https:\/\/www.europesays.com\/fr\/wp-json\/wp\/v2\/categories?post=222809"},{"taxonomy":"post_tag","embeddable":true,"href":"https:\/\/www.europesays.com\/fr\/wp-json\/wp\/v2\/tags?post=222809"}],"curies":[{"name":"wp","href":"https:\/\/api.w.org\/{rel}","templated":true}]}}