{"id":222813,"date":"2025-07-03T09:35:10","date_gmt":"2025-07-03T09:35:10","guid":{"rendered":"https:\/\/www.europesays.com\/fr\/222813\/"},"modified":"2025-07-03T09:35:10","modified_gmt":"2025-07-03T09:35:10","slug":"tdf-tour-de-france-le-maillot-dineos-grenadiers-avec-totalenergies","status":"publish","type":"post","link":"https:\/\/www.europesays.com\/fr\/222813\/","title":{"rendered":"TDF. Tour de France &#8211; Le maillot d&rsquo;INEOS Grenadiers&#8230; avec TotalEnergies"},"content":{"rendered":"<p>Comme annonc\u00e9 depuis quelques jours, <strong>TotalEnergies <\/strong>devient un sponsor de l&rsquo;\u00e9quipe<strong> INEOS Grenadiers<\/strong>. Et la formation britannique a d\u00e9voil\u00e9 son nouveau maillot, avec la marque fran\u00e7aise qui fait son apparition. Comme \u00e0 son habitude la <strong>TotalEnergies <\/strong>ne fait pas les choses \u00e0 moiti\u00e9 et ne s&rsquo;est pas vraiment pli\u00e9e \u00e0 la chartre graphique d&rsquo;<strong>INEOS Grenadiers<\/strong>, ajoutant une grande marque blanche en plein milieu du maillot, avec le logo multicolore de l&rsquo;entreprise, \u00e0 l&rsquo;image de ce qu&rsquo;elle fait en rugby avec la <strong>Section Paloise<\/strong>. Si les suiveurs sont assez unanimes pour dire que cela ne rend pas service \u00e0 la beaut\u00e9 du maillot, la marque sera pr\u00e9sente partout sur ce <strong><a href=\"https:\/\/www.cyclismactu.net\/..\/news-tdf-route-tour-de-france-j-2-du-grand-depart-du-tour-parcours-profils-etapes-87899.html\" target=\"_blank\" rel=\"nofollow noopener\">Tour de France<\/a><\/strong>.<\/p>\n<p>Vid\u00e9o &#8211; Le parcours du Tour de France 2025 Lire la suite de l&rsquo;article&#13;<\/p>\n<p>\u00a0<\/p>\n<p>&#13;<br \/>\nTotalEnergies partenaire de deux \u00e9quipes&#13;<\/p>\n<p>Il va falloir s\u2019habituer \u00e0 voir<strong>\u00a0TotalEnergies\u00a0<\/strong>un peu partout sur les routes du\u00a0<strong>Tour de France\u00a0<\/strong>cet \u00e9t\u00e9, puisque\u00a0la multinationale fran\u00e7aise va appara\u00eetre d\u00e8s cette \u00e9dition 2025 sur le maillot de la formation<strong>\u00a0INEOS Grenadiers<\/strong>, \u00e0 partir du Grand D\u00e9part \u00e0 Lille ! D\u00e9j\u00e0 partenaire de sa propre \u00e9quipe cycliste, la structure dirig\u00e9e par<strong> Jean-Ren\u00e9 Bernaudeau<\/strong>, <strong>TotalEnergies <\/strong>renforce ainsi sa visibilit\u00e9 dans le peloton. La pr\u00e9sence de son logo sur la tunique d&rsquo;<strong>INEOS Grenadiers<\/strong>\u00a0r\u00e9sulte  d\u2019un accord commercial entre les deux g\u00e9ants industriels, dont les  int\u00e9r\u00eats internationaux se croisent r\u00e9guli\u00e8rement dans le secteur de  l\u2019\u00e9nergie et de la p\u00e9trochimie.<\/p>\n","protected":false},"excerpt":{"rendered":"Comme annonc\u00e9 depuis quelques jours, TotalEnergies devient un sponsor de l&rsquo;\u00e9quipe INEOS Grenadiers. Et la formation britannique a&hellip;\n","protected":false},"author":2,"featured_media":222814,"comment_status":"","ping_status":"","sticky":false,"template":"","format":"standard","meta":{"footnotes":""},"categories":[1411],"tags":[1154,207,211,1011,27,209,60,210,212,208,213],"class_list":{"0":"post-222813","1":"post","2":"type-post","3":"status-publish","4":"format-standard","5":"has-post-thumbnail","7":"category-cyclisme","8":"tag-cycling","9":"tag-cyclisme","10":"tag-ffc","11":"tag-fr","12":"tag-france","13":"tag-route","14":"tag-sports","15":"tag-tour-de-france","16":"tag-uci","17":"tag-velo","18":"tag-world-tour"},"share_on_mastodon":{"url":"https:\/\/pubeurope.com\/@fr\/114788625567692069","error":""},"_links":{"self":[{"href":"https:\/\/www.europesays.com\/fr\/wp-json\/wp\/v2\/posts\/222813","targetHints":{"allow":["GET"]}}],"collection":[{"href":"https:\/\/www.europesays.com\/fr\/wp-json\/wp\/v2\/posts"}],"about":[{"href":"https:\/\/www.europesays.com\/fr\/wp-json\/wp\/v2\/types\/post"}],"author":[{"embeddable":true,"href":"https:\/\/www.europesays.com\/fr\/wp-json\/wp\/v2\/users\/2"}],"replies":[{"embeddable":true,"href":"https:\/\/www.europesays.com\/fr\/wp-json\/wp\/v2\/comments?post=222813"}],"version-history":[{"count":0,"href":"https:\/\/www.europesays.com\/fr\/wp-json\/wp\/v2\/posts\/222813\/revisions"}],"wp:featuredmedia":[{"embeddable":true,"href":"https:\/\/www.europesays.com\/fr\/wp-json\/wp\/v2\/media\/222814"}],"wp:attachment":[{"href":"https:\/\/www.europesays.com\/fr\/wp-json\/wp\/v2\/media?parent=222813"}],"wp:term":[{"taxonomy":"category","embeddable":true,"href":"https:\/\/www.europesays.com\/fr\/wp-json\/wp\/v2\/categories?post=222813"},{"taxonomy":"post_tag","embeddable":true,"href":"https:\/\/www.europesays.com\/fr\/wp-json\/wp\/v2\/tags?post=222813"}],"curies":[{"name":"wp","href":"https:\/\/api.w.org\/{rel}","templated":true}]}}