{"id":222815,"date":"2025-07-03T09:36:09","date_gmt":"2025-07-03T09:36:09","guid":{"rendered":"https:\/\/www.europesays.com\/fr\/222815\/"},"modified":"2025-07-03T09:36:09","modified_gmt":"2025-07-03T09:36:09","slug":"wendie-renard-ol-reagit-a-son-absence-chez-les-bleues","status":"publish","type":"post","link":"https:\/\/www.europesays.com\/fr\/222815\/","title":{"rendered":"Wendie Renard (OL) r\u00e9agit \u00e0 son absence chez les Bleues"},"content":{"rendered":"<p>                            <img width=\"770\" height=\"433\" src=\"https:\/\/www.europesays.com\/fr\/wp-content\/uploads\/2025\/07\/RenardWendie-770x433.jpg\" class=\"attachment-article size-article wp-post-image\" alt=\"Wendie Renard, la capitaine des Bleues\" decoding=\"async\" fetchpriority=\"high\"  \/><\/p>\n<p>Wendie Renard, la capitaine des Bleues (Photo by FRANCK FIFE \/ AFP)<\/p>\n<p>Elle est sortie du silence. Absente de l&rsquo;Euro avec la France, Wendie Renard est revenue sur cette non-s\u00e9lection. Un choix qu&rsquo;elle ne comprend pas.<\/p>\n<p>Avec <a href=\"https:\/\/www.olympique-et-lyonnais.com\/le-sommer-ol-lyonnes-sur-sa-non-selection-avec-les-bleues-cest-dur-a-encaisser,363160.html\" target=\"_blank\" rel=\"noopener\">Eug\u00e9nie <strong>Le Sommer<\/strong><\/a> et Kenza <strong>Dali<\/strong>, elle est l&rsquo;une des grandes absentes chez les Bleues. Samedi, la France <a href=\"https:\/\/www.olympique-et-lyonnais.com\/ol-lyonnes-le-programme-des-lyonnaises-a-leuro-2025,367700.html\" target=\"_blank\" rel=\"noopener\">entamera l&rsquo;Euro<\/a> par un choc contre l&rsquo;Angleterre, tenante du titre. Une affiche que Wendie <strong>Renard <\/strong>regardera \u00e0 la t\u00e9l\u00e9vision, l&rsquo;entra\u00eeneur, Laurent <strong>Bonadei<\/strong>, n&rsquo;ayant pas retenu la d\u00e9fenseure centrale.<\/p>\n<p>Si les deux premi\u00e8res joueuses ont d\u00e9j\u00e0 confi\u00e9, par divers canaux, leur d\u00e9ception de ne pas participer \u00e0 la comp\u00e9tition, <a href=\"https:\/\/www.olympique-et-lyonnais.com\/wendie-renard-ol-lyonnes-engagee-dans-la-lutte-contre-la-drepanocytose,366488.html\" target=\"_blank\" rel=\"noopener\">la Lyonnaise<\/a> ne s&rsquo;est exprim\u00e9e que tout r\u00e9cemment. Mercredi, la cha\u00eene Martinique La Premi\u00e8re a publi\u00e9 un extrait d&rsquo;un entretien avec la footballeuse de 34 ans. Dans celui-ci, elle indique ne pas comprendre cette d\u00e9cision. \u00ab\u00a0J&rsquo;ai eu un coup de fil du s\u00e9lectionneur avant, puisqu&rsquo;il y a eu deux matchs de Ligue des nations\u00a0\u00bb, commence-t-elle.<\/p>\n<p>\u00ab\u00a0On se pose plein de questions\u00a0\u00bb<\/p>\n<p>\u00ab\u00a0C&rsquo;est un choix du s\u00e9lectionneur, je dois le respecter et l&rsquo;accepter. Mais c&rsquo;est incompr\u00e9hensible. On se pose plein de questions, des questions qui sont dans ma t\u00eate et que je garderai pour moi. Il y a de l&rsquo;incompr\u00e9hension, de l&rsquo;injustice, avoue-t-elle. Je peux me r\u00e9veiller le matin et me regarder dans une glace. J&rsquo;ai tout donn\u00e9. Seul Dieu sait pourquoi je ne suis pas dans cette liste. Je souhaite \u00e0 cette \u00e9quipe de pouvoir r\u00e9ussir et d&rsquo;obtenir le titre. Je ne peux que leur souhaiter de la r\u00e9ussite.\u00a0\u00bb<\/p>\n<p>\u00ab\u00a0Ma carri\u00e8re n&rsquo;est pas termin\u00e9e\u00a0\u00bb<\/p>\n<p>Wendie Renard, qui a port\u00e9 \u00e0 168 reprises le maillot fran\u00e7ais, ne veut pas entendre parler de retraite. \u00ab\u00a0Je me suis toujours investie \u00e0 30\u00a0000, 40\u00a0000 % pour ce maillot que je mets plus haut que tout. Ce sera toujours le cas, car je pense que ma carri\u00e8re n&rsquo;est pas termin\u00e9e, insiste-t-elle.\u00a0C&rsquo;est une d\u00e9cision du s\u00e9lectionneur, mais chaque chose en son temps.\u00a0\u00bb<\/p>\n<p>En attendant, elle encouragera sans doute ses co\u00e9quipi\u00e8res de l&rsquo;OL Lyonnes lors du tournoi. Elles sont cinq \u00e0 d\u00e9fendre les couleurs de la France : Alice <strong>Sombath<\/strong>, <a href=\"https:\/\/www.olympique-et-lyonnais.com\/bleues-plus-de-peur-que-de-mal-pour-bacha-absente-lundi,368673.html\" target=\"_blank\" rel=\"noopener\">Selma <strong>Bacha<\/strong><\/a>, Amel <strong>Majri<\/strong>, Kadidiatou <strong>Diani <\/strong>et Marie-Antoinette <strong>Katoto<\/strong>. <\/p>\n","protected":false},"excerpt":{"rendered":"Wendie Renard, la capitaine des Bleues (Photo by FRANCK FIFE \/ AFP) Elle est sortie du silence. Absente&hellip;\n","protected":false},"author":2,"featured_media":222816,"comment_status":"","ping_status":"","sticky":false,"template":"","format":"standard","meta":{"footnotes":""},"categories":[1410],"tags":[63,1011,27,23183,60,15327],"class_list":{"0":"post-222815","1":"post","2":"type-post","3":"status-publish","4":"format-standard","5":"has-post-thumbnail","7":"category-football","8":"tag-football","9":"tag-fr","10":"tag-france","11":"tag-ol-lyonnes","12":"tag-sports","13":"tag-wendie-renard"},"share_on_mastodon":{"url":"https:\/\/pubeurope.com\/@fr\/114788629522246273","error":""},"_links":{"self":[{"href":"https:\/\/www.europesays.com\/fr\/wp-json\/wp\/v2\/posts\/222815","targetHints":{"allow":["GET"]}}],"collection":[{"href":"https:\/\/www.europesays.com\/fr\/wp-json\/wp\/v2\/posts"}],"about":[{"href":"https:\/\/www.europesays.com\/fr\/wp-json\/wp\/v2\/types\/post"}],"author":[{"embeddable":true,"href":"https:\/\/www.europesays.com\/fr\/wp-json\/wp\/v2\/users\/2"}],"replies":[{"embeddable":true,"href":"https:\/\/www.europesays.com\/fr\/wp-json\/wp\/v2\/comments?post=222815"}],"version-history":[{"count":0,"href":"https:\/\/www.europesays.com\/fr\/wp-json\/wp\/v2\/posts\/222815\/revisions"}],"wp:featuredmedia":[{"embeddable":true,"href":"https:\/\/www.europesays.com\/fr\/wp-json\/wp\/v2\/media\/222816"}],"wp:attachment":[{"href":"https:\/\/www.europesays.com\/fr\/wp-json\/wp\/v2\/media?parent=222815"}],"wp:term":[{"taxonomy":"category","embeddable":true,"href":"https:\/\/www.europesays.com\/fr\/wp-json\/wp\/v2\/categories?post=222815"},{"taxonomy":"post_tag","embeddable":true,"href":"https:\/\/www.europesays.com\/fr\/wp-json\/wp\/v2\/tags?post=222815"}],"curies":[{"name":"wp","href":"https:\/\/api.w.org\/{rel}","templated":true}]}}