{"id":222817,"date":"2025-07-03T09:37:09","date_gmt":"2025-07-03T09:37:09","guid":{"rendered":"https:\/\/www.europesays.com\/fr\/222817\/"},"modified":"2025-07-03T09:37:09","modified_gmt":"2025-07-03T09:37:09","slug":"tu-nes-pas-que-bipolaire-je-taime-lea-salame-pour-ses-adieux-a-france-inter-sa-declaration-dechirante-a-nicolas-demorand","status":"publish","type":"post","link":"https:\/\/www.europesays.com\/fr\/222817\/","title":{"rendered":"\u00ab\u00a0Tu n\u2019es pas que bipolaire\u2026 je t\u2019aime\u00a0\u00bb, L\u00e9a Salam\u00e9, pour ses adieux \u00e0 France Inter, sa d\u00e9claration d\u00e9chirante \u00e0 Nicolas Demorand"},"content":{"rendered":"<p>Clap de fin pour <a href=\"https:\/\/www.public.fr\/tag\/lea-salame\" target=\"_blank\" rel=\"noopener\">L\u00e9a Salam\u00e9<\/a>. Ce jeudi 3 juillet 2025, l<strong>a journaliste vedette a tir\u00e9 sa r\u00e9v\u00e9rence<\/strong> sur la matinale de France Inter en adressant un dernier adieu \u00e0 ses fid\u00e8les auditeurs.<\/p>\n<p>\u00c0 la rentr\u00e9e prochaine, elle prendra <a href=\"https:\/\/www.public.fr\/jt-de-france-2-lea-salame-sans-siege-anne-sophie-lapix-la-embarque-avec-elle\" target=\"_blank\" rel=\"noopener\">un nouveau tournant en rejoignant France 2<\/a>, o\u00f9 elle animera le journal de 20 heures.<\/p>\n<p>L\u00e9a Salam\u00e9 : \u00ab\u00a0La plus belle exp\u00e9rience professionnelle de toute ma vie\u00a0\u00bb<\/p>\n<p>\u00c9mu par le d\u00e9part de sa cons\u0153ur, Nicolas Demorand a eu du mal \u00e0 retenir ses larmes. \u00ab\u00a0On y est L\u00e9a, ce moment qu\u2019on redoute tous les deux depuis plusieurs jours est l\u00e0 (&#8230;) Vous partez L\u00e9a, vous quittez la matinale de France Inter et \u00e7a nous rend tous ici immens\u00e9ment tristes. Et moi, \u00e7a me rend immens\u00e9ment triste\u00a0\u00bb, a-t-il ainsi lanc\u00e9.<\/p>\n<p>Ce \u00e0 quoi L\u00e9a Salam\u00e9 a r\u00e9pondu : \u00ab\u00a0Et moi donc Nicolas. Comment vous dire combien je redoutais ce moment, combien je redoutais de dire au revoir \u00e0 cette matinale que j\u2019aime tant, \u00e0 toi Nicolas, et c\u2019est la premi\u00e8re fois que je vais te tutoyer \u00e0 l\u2019antenne et la derni\u00e8re, \u00e0 cette \u00e9quipe, \u00e0 cette r\u00e9daction formidable, \u00e0 vous auditeurs, <strong>cela est une \u00e9preuve pour moi car c\u2019est une page de plus de dix ans que je tourne ce matin et ce n\u2019est pas facile tant cette matinale aura \u00e9t\u00e9 la plus belle exp\u00e9rience professionnelle de toute ma vie<\/strong>\u00ab\u00a0. <\/p>\n<p>Un hommage puissant \u00e0 Nicolas Demorand<\/p>\n<p>Au micro de <a href=\"https:\/\/x.com\/franceinter\">France Inter<\/a>, la compagne de Rapha\u00ebl Glucksmann n&rsquo;a pas manqu\u00e9 de remercier ses collaborateurs : \u00ab\u00a0Maintenant on en vient au moment le plus compliqu\u00e9. Mon dernier mot, il est pour toi Nico. Une rencontre comme \u00e7a dans le travail, c\u2019est impossible, \u00e7a n\u2019existe pas. On ne se connaissait pas il y a huit ans. <strong>On s\u2019est jaug\u00e9s, on s\u2019est renifl\u00e9s, on s\u2019est apprivois\u00e9s et puis tr\u00e8s vite on s\u2019est aim\u00e9s<\/strong>. On s\u2019est tant aim\u00e9s. Qu\u2019est-ce que j\u2019ai appris avec toi, qu\u2019est-ce qu\u2019on a parl\u00e9 aussi, qu\u2019est-ce qu\u2019on a ri, qu\u2019est-ce que j\u2019ai aim\u00e9 faire et refaire les interviews la veille pour le lendemain avec toi au t\u00e9l\u00e9phone et nous retrouver tous les matins aux aurores pour \u00e9changer et \u00e9changer encore\u00a0\u00bb. <\/p>\n<p>L\u00e9a Salam\u00e9 a conclu son discours en adressant quelques mots \u00e0 Nicolas Demorand, dont le livre Interieur nuit est paru le 27 mars dernier aux \u00e9ditions Les Ar\u00e8nes : \u00ab\u00a0Tu as chang\u00e9 le\u00a0regard sur la sant\u00e9 mentale\u00a0en France, mais je te le r\u00e9p\u00e8te encore \u00e0 ce micro ce matin\u00a0: <strong>Tu n\u2019es pas que \u00e7a Nico, tu n\u2019es pas que bipolaire, tu es aussi un des mecs les plus profonds et les plus \u00e9rudits que j\u2019ai rencontr\u00e9 de toute ma vie. Je t\u2019aime<\/strong>. Merci pour tout. Merci pour tout ce que tu as apport\u00e9 \u00e0 ma vie\u00a0\u00bb. Un d\u00e9part riche en \u00e9motions. <\/p>\n<p>      Mentionn\u00e9s dans cet article<\/p>\n<p>\u00c0 lire aussi<\/p>\n","protected":false},"excerpt":{"rendered":"Clap de fin pour L\u00e9a Salam\u00e9. Ce jeudi 3 juillet 2025, la journaliste vedette a tir\u00e9 sa r\u00e9v\u00e9rence&hellip;\n","protected":false},"author":2,"featured_media":222818,"comment_status":"","ping_status":"","sticky":false,"template":"","format":"standard","meta":{"footnotes":""},"categories":[1359],"tags":[58,59,1011,27,9102,3806,973],"class_list":{"0":"post-222817","1":"post","2":"type-post","3":"status-publish","4":"format-standard","5":"has-post-thumbnail","7":"category-people","8":"tag-divertissement","9":"tag-entertainment","10":"tag-fr","11":"tag-france","12":"tag-france-inter","13":"tag-lea-salame","14":"tag-people"},"share_on_mastodon":{"url":"https:\/\/pubeurope.com\/@fr\/114788633470907714","error":""},"_links":{"self":[{"href":"https:\/\/www.europesays.com\/fr\/wp-json\/wp\/v2\/posts\/222817","targetHints":{"allow":["GET"]}}],"collection":[{"href":"https:\/\/www.europesays.com\/fr\/wp-json\/wp\/v2\/posts"}],"about":[{"href":"https:\/\/www.europesays.com\/fr\/wp-json\/wp\/v2\/types\/post"}],"author":[{"embeddable":true,"href":"https:\/\/www.europesays.com\/fr\/wp-json\/wp\/v2\/users\/2"}],"replies":[{"embeddable":true,"href":"https:\/\/www.europesays.com\/fr\/wp-json\/wp\/v2\/comments?post=222817"}],"version-history":[{"count":0,"href":"https:\/\/www.europesays.com\/fr\/wp-json\/wp\/v2\/posts\/222817\/revisions"}],"wp:featuredmedia":[{"embeddable":true,"href":"https:\/\/www.europesays.com\/fr\/wp-json\/wp\/v2\/media\/222818"}],"wp:attachment":[{"href":"https:\/\/www.europesays.com\/fr\/wp-json\/wp\/v2\/media?parent=222817"}],"wp:term":[{"taxonomy":"category","embeddable":true,"href":"https:\/\/www.europesays.com\/fr\/wp-json\/wp\/v2\/categories?post=222817"},{"taxonomy":"post_tag","embeddable":true,"href":"https:\/\/www.europesays.com\/fr\/wp-json\/wp\/v2\/tags?post=222817"}],"curies":[{"name":"wp","href":"https:\/\/api.w.org\/{rel}","templated":true}]}}